{"id":12820,"date":"2025-06-17T09:13:03","date_gmt":"2025-06-17T07:13:03","guid":{"rendered":"https:\/\/trailrunadvisor.com\/?p=12820"},"modified":"2026-03-08T00:35:27","modified_gmt":"2026-03-07T23:35:27","slug":"entrenamiento-invernal-canario-tenerife-bluetrail-2026-primeras-noticias","status":"publish","type":"post","link":"https:\/\/trailrunadvisor.com\/es\/entrenamiento-invernal-canario-tenerife-bluetrail-2026-primeras-noticias\/","title":{"rendered":"Entrenamiento invernal canario: Tenerife Bluetrail 2026 &#8211; primeras noticias"},"content":{"rendered":"\t\t<div data-elementor-type=\"wp-post\" data-elementor-id=\"12820\" class=\"elementor elementor-12820 elementor-12654\" data-elementor-post-type=\"post\">\n\t\t\t\t<div class=\"elementor-element elementor-element-0134ae5 e-flex e-con-boxed e-con e-parent\" data-id=\"0134ae5\" data-element_type=\"container\">\n\t\t\t\t\t<div class=\"e-con-inner\">\n\t\t\t\t<div class=\"elementor-element elementor-element-ecf20ba elementor-widget elementor-widget-image\" data-id=\"ecf20ba\" data-element_type=\"widget\" data-widget_type=\"image.default\">\n\t\t\t\t<div class=\"elementor-widget-container\">\n\t\t\t\t\t\t\t\t\t\t\t\t\t\t\t<img fetchpriority=\"high\" decoding=\"async\" width=\"1080\" height=\"720\" src=\"https:\/\/trailrunadvisor.com\/wp-content\/uploads\/2025\/06\/may-2025-1080-x-720-px-1-1.png\" class=\"attachment-full size-full wp-image-12662\" alt=\"Tenerife Bluetrail 2026\" srcset=\"https:\/\/trailrunadvisor.com\/wp-content\/uploads\/2025\/06\/may-2025-1080-x-720-px-1-1.png 1080w, https:\/\/trailrunadvisor.com\/wp-content\/uploads\/2025\/06\/may-2025-1080-x-720-px-1-1-300x200.png 300w, https:\/\/trailrunadvisor.com\/wp-content\/uploads\/2025\/06\/may-2025-1080-x-720-px-1-1-1024x683.png 1024w, https:\/\/trailrunadvisor.com\/wp-content\/uploads\/2025\/06\/may-2025-1080-x-720-px-1-1-768x512.png 768w\" sizes=\"(max-width: 1080px) 100vw, 1080px\" \/>\t\t\t\t\t\t\t\t\t\t\t\t\t\t\t<\/div>\n\t\t\t\t<\/div>\n\t\t\t\t<div class=\"elementor-element elementor-element-323388c elementor-widget elementor-widget-theme-post-title elementor-page-title elementor-widget-heading\" data-id=\"323388c\" data-element_type=\"widget\" data-widget_type=\"theme-post-title.default\">\n\t\t\t\t<div class=\"elementor-widget-container\">\n\t\t\t\t\t<h1 class=\"elementor-heading-title elementor-size-default\">Entrenamiento invernal canario: Tenerife Bluetrail 2026 &#8211; primeras noticias<\/h1>\t\t\t\t<\/div>\n\t\t\t\t<\/div>\n\t\t\t\t<div class=\"elementor-element elementor-element-4329d3c elementor-align-center elementor-widget elementor-widget-post-info\" data-id=\"4329d3c\" data-element_type=\"widget\" data-widget_type=\"post-info.default\">\n\t\t\t\t<div class=\"elementor-widget-container\">\n\t\t\t\t\t\t\t<ul class=\"elementor-inline-items elementor-icon-list-items elementor-post-info\">\n\t\t\t\t\t\t\t\t<li class=\"elementor-icon-list-item elementor-repeater-item-2adc81a elementor-inline-item\" itemprop=\"datePublished\">\n\t\t\t\t\t\t<a href=\"https:\/\/trailrunadvisor.com\/es\/2025\/06\/17\/\">\n\t\t\t\t\t\t\t\t\t\t\t\t\t\t<span class=\"elementor-icon-list-text elementor-post-info__item elementor-post-info__item--type-date\">\n\t\t\t\t\t\t\t\t\t\t<time>junio 17, 2025<\/time>\t\t\t\t\t<\/span>\n\t\t\t\t\t\t\t\t\t<\/a>\n\t\t\t\t<\/li>\n\t\t\t\t<\/ul>\n\t\t\t\t\t\t<\/div>\n\t\t\t\t<\/div>\n\t\t\t\t<div class=\"elementor-element elementor-element-b670636 elementor-widget elementor-widget-text-editor\" data-id=\"b670636\" data-element_type=\"widget\" data-widget_type=\"text-editor.default\">\n\t\t\t\t<div class=\"elementor-widget-container\">\n\t\t\t\t\t\t\t\t\t<p><b><a href=\"https:\/\/trailrunadvisor.com\/races\/bluetrail\/\">\u201cTenerife Bluetrail<\/a> 2026\u201d<\/b><span style=\"font-weight: 400;\">  fue la frase que despert\u00f3 mi motivaci\u00f3n este invierno. Cuando me at\u00e9 las zapatillas bajo el suave sol de las Islas Canarias, supe que esta carrera no era un ultramarat\u00f3n m\u00e1s. Es una peregrinaci\u00f3n -un sendero volc\u00e1nico a trav\u00e9s del fuego y el viento- que empieza en tu mente mucho antes de la l\u00ednea de salida. He corrido senderos por todos los continentes, pero hay algo en el entrenamiento para la Tenerife Bluetrail 2026 que exige tanto respeto como obsesi\u00f3n.   <\/span><\/p>\t\t\t\t\t\t\t\t<\/div>\n\t\t\t\t<\/div>\n\t\t\t\t<div class=\"elementor-element elementor-element-be206ba elementor-widget elementor-widget-heading\" data-id=\"be206ba\" data-element_type=\"widget\" data-widget_type=\"heading.default\">\n\t\t\t\t<div class=\"elementor-widget-container\">\n\t\t\t\t\t<h2 class=\"elementor-heading-title elementor-size-default\">Por qu\u00e9 Tenerife en invierno tiene sentido\n<\/h2>\t\t\t\t<\/div>\n\t\t\t\t<\/div>\n\t\t\t\t<div class=\"elementor-element elementor-element-da422ad elementor-widget elementor-widget-text-editor\" data-id=\"da422ad\" data-element_type=\"widget\" data-widget_type=\"text-editor.default\">\n\t\t\t\t<div class=\"elementor-widget-container\">\n\t\t\t\t\t\t\t\t\t<p><span style=\"font-weight: 400;\">Viniendo de la Europa continental, escaparme a Tenerife cada invierno se ha convertido en mi arma secreta. Mientras la mayor\u00eda de los corredores luchan contra temperaturas g\u00e9lidas y caminos embarrados, aqu\u00ed nos deslizamos por pinares y coladas de lava bajo un sol invernal que parece primaveral. Este a\u00f1o, sin embargo    <\/span><b>Tenerife Bluetrail 2026<\/b><span style=\"font-weight: 400;\">  lo cambi\u00f3 todo. Convirti\u00f3 mi habitual escapada de entrenamiento en clima c\u00e1lido en una misi\u00f3n con un objetivo definido: estar preparado para cruzar la l\u00ednea de meta por encima de las nubes. <\/span><\/p><p><span style=\"font-weight: 400;\">A diferencia de las ediciones de verano de otras carreras, la Tenerife Bluetrail ofrece una posici\u00f3n \u00fanica en el calendario. Con una fecha de carrera t\u00edpicamente a principios de verano, el invierno se convierte en la fase perfecta para la construcci\u00f3n de la base. A\u00fan no est\u00e1s compitiendo, pero cada sesi\u00f3n cuenta. Y este a\u00f1o, lo he percibido: la energ\u00eda es diferente, porque 2026 ser\u00e1 especial.   <\/span><\/p>\t\t\t\t\t\t\t\t<\/div>\n\t\t\t\t<\/div>\n\t\t\t\t<div class=\"elementor-element elementor-element-9ddb33f elementor-widget elementor-widget-heading\" data-id=\"9ddb33f\" data-element_type=\"widget\" data-widget_type=\"heading.default\">\n\t\t\t\t<div class=\"elementor-widget-container\">\n\t\t\t\t\t<h2 class=\"elementor-heading-title elementor-size-default\">Primeras noticias de los organizadores\n<\/h2>\t\t\t\t<\/div>\n\t\t\t\t<\/div>\n\t\t\t\t<div class=\"elementor-element elementor-element-589cb36 elementor-widget elementor-widget-text-editor\" data-id=\"589cb36\" data-element_type=\"widget\" data-widget_type=\"text-editor.default\">\n\t\t\t\t<div class=\"elementor-widget-container\">\n\t\t\t\t\t\t\t\t\t<p><span style=\"font-weight: 400;\">Aunque todav\u00eda no se ha abierto la inscripci\u00f3n oficial, ya circulan rumores. Es probable que el recorrido se mantenga fiel al formato introducido en 2024, con peque\u00f1os retoques para mejorar la seguridad de los corredores y reducir el impacto medioambiental. Un punto clave debatido entre los clubes locales es la probable introducci\u00f3n de un nuevo punto de control en la transici\u00f3n entre Aguamansa y El Portillo, algo que podr\u00eda cambiar ligeramente las estrategias de ritmo.  <\/span><\/p><p><span style=\"font-weight: 400;\">Aun as\u00ed, el alma de la <\/span><b>Tenerife Bluetrail 2026<\/b><span style=\"font-weight: 400;\">  permanece intacta: una traves\u00eda de la isla de mar a cumbre, que culmina cerca del Teide a m\u00e1s de 3.500 metros de altitud. S\u00f3lo por eso es la carrera m\u00e1s alta de Europa, y posiblemente la m\u00e1s espiritual. <\/span><\/p><p><span style=\"font-weight: 400;\">De mis conversaciones con voluntarios y constructores de senderos mientras tomamos un caf\u00e9 en La Orotava, he sabido que el evento de este a\u00f1o podr\u00eda incluir tambi\u00e9n una secci\u00f3n experimental con opciones de salida nocturna para \u00e9lites. Eso lo cambiar\u00eda todo en t\u00e9rminos de sue\u00f1o, estrategia y nutrici\u00f3n. <\/span><\/p>\t\t\t\t\t\t\t\t<\/div>\n\t\t\t\t<\/div>\n\t\t\t\t<div class=\"elementor-element elementor-element-1733f25 elementor-widget elementor-widget-heading\" data-id=\"1733f25\" data-element_type=\"widget\" data-widget_type=\"heading.default\">\n\t\t\t\t<div class=\"elementor-widget-container\">\n\t\t\t\t\t<h2 class=\"elementor-heading-title elementor-size-default\">Los primeros kil\u00f3metros de preparaci\u00f3n\n<\/h2>\t\t\t\t<\/div>\n\t\t\t\t<\/div>\n\t\t\t\t<div class=\"elementor-element elementor-element-4238004 elementor-widget elementor-widget-text-editor\" data-id=\"4238004\" data-element_type=\"widget\" data-widget_type=\"text-editor.default\">\n\t\t\t\t<div class=\"elementor-widget-container\">\n\t\t\t\t\t\t\t\t\t<p><span style=\"font-weight: 400;\">Mi diario de entrenamiento actual cuenta una historia de paciencia. Desde noviembre, he ido acumulando desnivel de forma lenta pero constante, intentando reproducir las duras pendientes del recorrido. El terreno de Tenerife es enga\u00f1oso: los senderos de aspecto suave se vuelven salvajes en cuesti\u00f3n de minutos, y la altitud desempe\u00f1a un papel importante. Por eso he estructurado mis semanas con sesiones dobles los s\u00e1bados -una al amanecer y otra al anochecer- para poner a prueba mi resistencia a pesar de los cambios de temperatura.   <\/span><\/p><p><span style=\"font-weight: 400;\">Cada zancada que doy en Anaga o cerca de Vilaflor est\u00e1 anclada en un pensamiento: <\/span><b>Tenerife Bluetrail 2026<\/b><span style=\"font-weight: 400;\">  no es s\u00f3lo un desaf\u00edo f\u00edsico. Es una conversaci\u00f3n entre tus pulmones y el aire enrarecido, entre tus piernas y las rocas, entre tu mente y el silencio. <\/span><\/p>\t\t\t\t\t\t\t\t<\/div>\n\t\t\t\t<\/div>\n\t\t\t\t<div class=\"elementor-element elementor-element-f12749d elementor-widget elementor-widget-heading\" data-id=\"f12749d\" data-element_type=\"widget\" data-widget_type=\"heading.default\">\n\t\t\t\t<div class=\"elementor-widget-container\">\n\t\t\t\t\t<h3 class=\"elementor-heading-title elementor-size-default\">Comunidad y compromiso\n<\/h3>\t\t\t\t<\/div>\n\t\t\t\t<\/div>\n\t\t\t\t<div class=\"elementor-element elementor-element-b0e258f elementor-widget elementor-widget-text-editor\" data-id=\"b0e258f\" data-element_type=\"widget\" data-widget_type=\"text-editor.default\">\n\t\t\t\t<div class=\"elementor-widget-container\">\n\t\t\t\t\t\t\t\t\t<p><span style=\"font-weight: 400;\">Este a\u00f1o, la comunidad de trail running de la isla se ha estrechado. Se habla de formar grupos de ritmo no oficiales. Los chats de WhatsApp ya bullen con ideas sobre nutrici\u00f3n, revisiones de equipos y sesiones de estrategia. El mes pasado me un\u00ed a uno de estos grupos y me sorprendi\u00f3 la generosidad de los corredores locales que se ofrec\u00edan a guiar a los atletas visitantes en los tramos t\u00e9cnicos. Esto es lo que hace diferente a la Bluetrail: es una carrera, s\u00ed, pero tambi\u00e9n es una celebraci\u00f3n del sufrimiento compartido.    <\/span><\/p><p><span style=\"font-weight: 400;\">Adem\u00e1s, el gobierno insular parece m\u00e1s implicado esta vez. Se espera que aumente la financiaci\u00f3n para la sostenibilidad y la conservaci\u00f3n de los senderos, y se est\u00e1 ampliando la cobertura medi\u00e1tica. Incluso he o\u00eddo que    <\/span><b>La Tenerife Bluetrail 2026<\/b><span style=\"font-weight: 400;\"> podr\u00eda ser retransmitida en directo -una primicia para el evento- con cobertura de drones en zonas clave como La Fortaleza.<\/span><\/p>\t\t\t\t\t\t\t\t<\/div>\n\t\t\t\t<\/div>\n\t\t\t\t<div class=\"elementor-element elementor-element-b5d6809 elementor-widget elementor-widget-heading\" data-id=\"b5d6809\" data-element_type=\"widget\" data-widget_type=\"heading.default\">\n\t\t\t\t<div class=\"elementor-widget-container\">\n\t\t\t\t\t<h2 class=\"elementor-heading-title elementor-size-default\">Planificaci\u00f3n por el Teide\n<\/h2>\t\t\t\t<\/div>\n\t\t\t\t<\/div>\n\t\t\t\t<div class=\"elementor-element elementor-element-6acbe48 elementor-widget elementor-widget-text-editor\" data-id=\"6acbe48\" data-element_type=\"widget\" data-widget_type=\"text-editor.default\">\n\t\t\t\t<div class=\"elementor-widget-container\">\n\t\t\t\t\t\t\t\t\t<p><span style=\"font-weight: 400;\">Por mucho que entrenes, el tramo de gran altitud alrededor del Parque Nacional del Teide es el verdadero portero de esta carrera. Durante mi \u00faltima visita en enero, intent\u00e9 un bucle de simulaci\u00f3n que empezaba en El Portillo y terminaba cerca de Pico Viejo. A pesar del tiempo casi perfecto, la altitud me hizo sentir humilde. Fue entonces cuando me di cuenta: Hab\u00eda subestimado a esta bestia.   <\/span><\/p><p><span style=\"font-weight: 400;\">As\u00ed que he cambiado mi enfoque. De marzo a mayo, a\u00f1adir\u00e9 intervalos hip\u00f3xicos y caminatas m\u00e1s largas con peso para simular la fatiga de la mochila. Mi mantra ahora es \u201cllegar fuerte, no roto\u201d, y eso se aplica no s\u00f3lo al cuerpo, sino tambi\u00e9n a la mentalidad. No se ataca al Teide. Bailas con \u00e9l.    <\/span><\/p>\t\t\t\t\t\t\t\t<\/div>\n\t\t\t\t<\/div>\n\t\t\t\t<div class=\"elementor-element elementor-element-de2381e elementor-widget elementor-widget-heading\" data-id=\"de2381e\" data-element_type=\"widget\" data-widget_type=\"heading.default\">\n\t\t\t\t<div class=\"elementor-widget-container\">\n\t\t\t\t\t<h2 class=\"elementor-heading-title elementor-size-default\">Adaptaciones del equipo para la isla\n<\/h2>\t\t\t\t<\/div>\n\t\t\t\t<\/div>\n\t\t\t\t<div class=\"elementor-element elementor-element-619f73b elementor-widget elementor-widget-text-editor\" data-id=\"619f73b\" data-element_type=\"widget\" data-widget_type=\"text-editor.default\">\n\t\t\t\t<div class=\"elementor-widget-container\">\n\t\t\t\t\t\t\t\t\t<p><span style=\"font-weight: 400;\">Entrenamiento para <\/span><b>Tenerife Bluetrail 2026<\/b><span style=\"font-weight: 400;\">  tambi\u00e9n significa adaptar el equipo a los contrastes extremos. He aprendido que empiezas la carrera cerca del nivel del mar con una brisa tropical, pero la terminas en un \u00e1rido paisaje lunar donde las temperaturas pueden descender por debajo de cero. Este a\u00f1o estoy probando un sistema h\u00edbrido de capas que incluye protecci\u00f3n ultraligera contra el viento y mangas de compresi\u00f3n espec\u00edficas para los descensos t\u00e9cnicos.  <\/span><\/p><p><span style=\"font-weight: 400;\">Las zapatillas tambi\u00e9n son cruciales. La mayor\u00eda de los corredores asumen que la amortiguaci\u00f3n m\u00e1xima es la respuesta, pero el terreno volc\u00e1nico exige precisi\u00f3n y agarre. Por fin me he decidido por un par que ofrece ambas cosas, pero seguir\u00e9 haciendo pruebas hasta la semana del taper.  <\/span><\/p>\t\t\t\t\t\t\t\t<\/div>\n\t\t\t\t<\/div>\n\t\t\t\t<div class=\"elementor-element elementor-element-78bb2e4 elementor-widget elementor-widget-heading\" data-id=\"78bb2e4\" data-element_type=\"widget\" data-widget_type=\"heading.default\">\n\t\t\t\t<div class=\"elementor-widget-container\">\n\t\t\t\t\t<h2 class=\"elementor-heading-title elementor-size-default\">Nutrici\u00f3n y gesti\u00f3n del calor\n<\/h2>\t\t\t\t<\/div>\n\t\t\t\t<\/div>\n\t\t\t\t<div class=\"elementor-element elementor-element-6504876 elementor-widget elementor-widget-text-editor\" data-id=\"6504876\" data-element_type=\"widget\" data-widget_type=\"text-editor.default\">\n\t\t\t\t<div class=\"elementor-widget-container\">\n\t\t\t\t\t\t\t\t\t<p><span style=\"font-weight: 400;\">Otra lecci\u00f3n aprendida es lo mucho que te agota el sol canario, incluso en invierno. En ediciones anteriores, los puestos de socorro me salvaron la carrera, as\u00ed que he estado practicando con fluidos y formatos cal\u00f3ricos similares. La rotaci\u00f3n de electrolitos es mi nueva obsesi\u00f3n, especialmente para ese tramo entre Vilaflor y Parador, donde los errores de hidrataci\u00f3n pueden arruinar un plan de carrera perfecto.  <\/span><\/p><p><span style=\"font-weight: 400;\">Por suerte, los supermercados locales est\u00e1n abastecidos todo el a\u00f1o de combustible natural: pl\u00e1tanos, papayas, barritas de gofio. Durante una semana de diciembre, me pas\u00e9 por completo al \u201ccombustible de la isla\u201d s\u00f3lo para ver c\u00f3mo repercut\u00eda en el rendimiento. Para mi sorpresa, los tiempos de recuperaci\u00f3n disminuyeron significativamente. Puede que este experimento se incorpore a mi estrategia nutricional para el d\u00eda de la carrera.   <\/span><\/p>\t\t\t\t\t\t\t\t<\/div>\n\t\t\t\t<\/div>\n\t\t\t\t<div class=\"elementor-element elementor-element-63a32ba elementor-widget elementor-widget-heading\" data-id=\"63a32ba\" data-element_type=\"widget\" data-widget_type=\"heading.default\">\n\t\t\t\t<div class=\"elementor-widget-container\">\n\t\t\t\t\t<h2 class=\"elementor-heading-title elementor-size-default\">Estrategias mentales y expectativas\n<\/h2>\t\t\t\t<\/div>\n\t\t\t\t<\/div>\n\t\t\t\t<div class=\"elementor-element elementor-element-16d041d elementor-widget elementor-widget-text-editor\" data-id=\"16d041d\" data-element_type=\"widget\" data-widget_type=\"text-editor.default\">\n\t\t\t\t<div class=\"elementor-widget-container\">\n\t\t\t\t\t\t\t\t\t<p><span style=\"font-weight: 400;\">Por encima de todo, esta carrera se te mete en la cabeza. Las largas horas entre los puntos de control, la magnitud de las subidas, el silencio&#8230; todo ello te obliga a encerrarte en ti mismo. Por eso he a\u00f1adido la meditaci\u00f3n diaria a mi preparaci\u00f3n. Diez minutos cada ma\u00f1ana en los que visualizo los momentos clave de la carrera: la primera subida desde Playa Fa\u00f1ab\u00e9, el descenso t\u00e9cnico hasta El Revent\u00f3n, la soledad cerca de La Rambleta.   <\/span><\/p><p><span style=\"font-weight: 400;\">Esto no es romanticismo. Es ensayo. <\/span><\/p><p><span style=\"font-weight: 400;\">Cada repetici\u00f3n mental es una capa de armadura que llevar\u00e9 el d\u00eda de la carrera. Porque s\u00e9 que durante   <\/span><b>Tenerife Bluetrail 2026<\/b><span style=\"font-weight: 400;\">habr\u00e1 un momento -tal vez en el kil\u00f3metro 62, tal vez en el 87- en el que necesitar\u00e9 recordar qui\u00e9n soy y por qu\u00e9 estoy all\u00ed.<\/span><\/p>\t\t\t\t\t\t\t\t<\/div>\n\t\t\t\t<\/div>\n\t\t\t\t\t<\/div>\n\t\t\t\t<\/div>\n\t\t<div class=\"elementor-element elementor-element-15edfce e-flex e-con-boxed e-con e-parent\" data-id=\"15edfce\" data-element_type=\"container\">\n\t\t\t\t\t<div class=\"e-con-inner\">\n\t\t\t\t<div class=\"elementor-element elementor-element-f8b6bb6 elementor-widget elementor-widget-heading\" data-id=\"f8b6bb6\" data-element_type=\"widget\" data-widget_type=\"heading.default\">\n\t\t\t\t<div class=\"elementor-widget-container\">\n\t\t\t\t\t<h2 class=\"elementor-heading-title elementor-size-default\">Reflexiones finales: a\u00fan es pronto, pero nunca es demasiado pronto\n<\/h2>\t\t\t\t<\/div>\n\t\t\t\t<\/div>\n\t\t\t\t<div class=\"elementor-element elementor-element-7b13665 elementor-widget elementor-widget-text-editor\" data-id=\"7b13665\" data-element_type=\"widget\" data-widget_type=\"text-editor.default\">\n\t\t\t\t<div class=\"elementor-widget-container\">\n\t\t\t\t\t\t\t\t\t<p><span style=\"font-weight: 400;\">A\u00fan faltan meses para que lleguen los dorsales y los mapas definitivos del recorrido. Sin embargo, la carrera ya ha comenzado: en nuestros pulmones, en nuestros calendarios y en nuestra anticipaci\u00f3n compartida. \u00bfMi consejo para quienes se lo est\u00e9n pensando? No esper\u00e9is. Empezad ya. Reserva tus vuelos, planifica tus fines de semana, construye tu base.     <\/span><\/p><p><span style=\"font-weight: 400;\">Porque <\/span><b>Tenerife Bluetrail 2026<\/b><span style=\"font-weight: 400;\">  no es s\u00f3lo una carrera para la que hay que entrenarse. Es <a href=\"https:\/\/www.instagram.com\/trailrunadvisor\/\" target=\"_blank\" rel=\"noopener\">una historia que escribes lentamente<\/a>: con tus pies, tus dudas, tus madrugones y tu inquebrantable impulso hacia la cima. <\/span><\/p><p><span style=\"font-weight: 400;\">Nos vemos en la l\u00ednea de salida. O mejor a\u00fan, en la cima. <\/span><\/p>\t\t\t\t\t\t\t\t<\/div>\n\t\t\t\t<\/div>\n\t\t\t\t\t<\/div>\n\t\t\t\t<\/div>\n\t\t\t\t<\/div>\n\t\t","protected":false},"excerpt":{"rendered":"<p>\u201cTenerife Bluetrail 2026\u201d fue la frase que despert\u00f3 mi motivaci\u00f3n este invierno. Cuando me at\u00e9 las zapatillas bajo el suave sol de las Islas Canarias, supe que esta carrera no era un ultramarat\u00f3n m\u00e1s. Es una peregrinaci\u00f3n -un sendero volc\u00e1nico a trav\u00e9s del fuego y el viento- que empieza en tu mente mucho antes de [&hellip;]<\/p>\n","protected":false},"author":1,"featured_media":0,"comment_status":"closed","ping_status":"closed","sticky":false,"template":"","format":"standard","meta":{"_acf_changed":false,"footnotes":""},"category":[143],"tag":[],"class_list":["post-12820","post","type-post","status-publish","format-standard","hentry","categories-noticias-es"],"acf":[],"yoast_head":"<!-- This site is optimized with the Yoast SEO plugin v26.8 - https:\/\/yoast.com\/product\/yoast-seo-wordpress\/ -->\n<title>Tenerife Bluetrail 2026 - Entrenamiento invernal canario<\/title>\n<meta name=\"description\" content=\"Descubre los primeros detalles sobre la Tenerife Bluetrail 2026. Descubre c\u00f3mo este emblem\u00e1tico ultramarat\u00f3n da forma al entrenamiento invernal en las Islas Canarias.\" \/>\n<meta name=\"robots\" content=\"index, follow, max-snippet:-1, max-image-preview:large, max-video-preview:-1\" \/>\n<link rel=\"canonical\" href=\"https:\/\/trailrunadvisor.com\/es\/entrenamiento-invernal-canario-tenerife-bluetrail-2026-primeras-noticias\/\" \/>\n<meta property=\"og:locale\" content=\"es_ES\" \/>\n<meta property=\"og:type\" content=\"article\" \/>\n<meta property=\"og:title\" content=\"Tenerife Bluetrail 2026 - Entrenamiento invernal canario\" \/>\n<meta property=\"og:description\" content=\"Descubre los primeros detalles sobre la Tenerife Bluetrail 2026. Descubre c\u00f3mo este emblem\u00e1tico ultramarat\u00f3n da forma al entrenamiento invernal en las Islas Canarias.\" \/>\n<meta property=\"og:url\" content=\"https:\/\/trailrunadvisor.com\/es\/entrenamiento-invernal-canario-tenerife-bluetrail-2026-primeras-noticias\/\" \/>\n<meta property=\"og:site_name\" content=\"Trail Run Advisor\" \/>\n<meta property=\"article:publisher\" content=\"https:\/\/www.facebook.com\/profile.php?id=61554747731790&amp;mibextid=9R9pXO\" \/>\n<meta property=\"article:published_time\" content=\"2025-06-17T07:13:03+00:00\" \/>\n<meta property=\"article:modified_time\" content=\"2026-03-07T23:35:27+00:00\" \/>\n<meta property=\"og:image\" content=\"https:\/\/trailrunadvisor.com\/wp-content\/uploads\/2025\/06\/may-2025-1080-x-720-px-1-1.png\" \/>\n\t<meta property=\"og:image:width\" content=\"1080\" \/>\n\t<meta property=\"og:image:height\" content=\"720\" \/>\n\t<meta property=\"og:image:type\" content=\"image\/png\" \/>\n<meta name=\"author\" content=\"iMfwI8uAFh5Q6976rfxj\" \/>\n<meta name=\"twitter:card\" content=\"summary_large_image\" \/>\n<meta name=\"twitter:label1\" content=\"Escrito por\" \/>\n\t<meta name=\"twitter:data1\" content=\"iMfwI8uAFh5Q6976rfxj\" \/>\n\t<meta name=\"twitter:label2\" content=\"Tiempo de lectura\" \/>\n\t<meta name=\"twitter:data2\" content=\"7 minutos\" \/>\n<!-- \/ Yoast SEO plugin. -->","yoast_head_json":{"title":"Tenerife Bluetrail 2026 - Entrenamiento invernal canario","description":"Descubre los primeros detalles sobre la Tenerife Bluetrail 2026. Descubre c\u00f3mo este emblem\u00e1tico ultramarat\u00f3n da forma al entrenamiento invernal en las Islas Canarias.","robots":{"index":"index","follow":"follow","max-snippet":"max-snippet:-1","max-image-preview":"max-image-preview:large","max-video-preview":"max-video-preview:-1"},"canonical":"https:\/\/trailrunadvisor.com\/es\/entrenamiento-invernal-canario-tenerife-bluetrail-2026-primeras-noticias\/","og_locale":"es_ES","og_type":"article","og_title":"Tenerife Bluetrail 2026 - Entrenamiento invernal canario","og_description":"Descubre los primeros detalles sobre la Tenerife Bluetrail 2026. Descubre c\u00f3mo este emblem\u00e1tico ultramarat\u00f3n da forma al entrenamiento invernal en las Islas Canarias.","og_url":"https:\/\/trailrunadvisor.com\/es\/entrenamiento-invernal-canario-tenerife-bluetrail-2026-primeras-noticias\/","og_site_name":"Trail Run Advisor","article_publisher":"https:\/\/www.facebook.com\/profile.php?id=61554747731790&mibextid=9R9pXO","article_published_time":"2025-06-17T07:13:03+00:00","article_modified_time":"2026-03-07T23:35:27+00:00","og_image":[{"width":1080,"height":720,"url":"https:\/\/trailrunadvisor.com\/wp-content\/uploads\/2025\/06\/may-2025-1080-x-720-px-1-1.png","type":"image\/png"}],"author":"iMfwI8uAFh5Q6976rfxj","twitter_card":"summary_large_image","twitter_misc":{"Escrito por":"iMfwI8uAFh5Q6976rfxj","Tiempo de lectura":"7 minutos"},"schema":{"@context":"https:\/\/schema.org","@graph":[{"@type":"Article","@id":"https:\/\/trailrunadvisor.com\/es\/entrenamiento-invernal-canario-tenerife-bluetrail-2026-primeras-noticias\/#article","isPartOf":{"@id":"https:\/\/trailrunadvisor.com\/es\/entrenamiento-invernal-canario-tenerife-bluetrail-2026-primeras-noticias\/"},"author":{"name":"iMfwI8uAFh5Q6976rfxj","@id":"https:\/\/trailrunadvisor.com\/es\/#\/schema\/person\/3e2010e74dd3c2a21ba9ce2b43d6991d"},"headline":"Entrenamiento invernal canario: Tenerife Bluetrail 2026 &#8211; primeras noticias","datePublished":"2025-06-17T07:13:03+00:00","dateModified":"2026-03-07T23:35:27+00:00","mainEntityOfPage":{"@id":"https:\/\/trailrunadvisor.com\/es\/entrenamiento-invernal-canario-tenerife-bluetrail-2026-primeras-noticias\/"},"wordCount":1453,"publisher":{"@id":"https:\/\/trailrunadvisor.com\/es\/#organization"},"image":{"@id":"https:\/\/trailrunadvisor.com\/es\/entrenamiento-invernal-canario-tenerife-bluetrail-2026-primeras-noticias\/#primaryimage"},"thumbnailUrl":"https:\/\/trailrunadvisor.com\/wp-content\/uploads\/2025\/06\/may-2025-1080-x-720-px-1-1.png","inLanguage":"es"},{"@type":"WebPage","@id":"https:\/\/trailrunadvisor.com\/es\/entrenamiento-invernal-canario-tenerife-bluetrail-2026-primeras-noticias\/","url":"https:\/\/trailrunadvisor.com\/es\/entrenamiento-invernal-canario-tenerife-bluetrail-2026-primeras-noticias\/","name":"Tenerife Bluetrail 2026 - Entrenamiento invernal canario","isPartOf":{"@id":"https:\/\/trailrunadvisor.com\/es\/#website"},"primaryImageOfPage":{"@id":"https:\/\/trailrunadvisor.com\/es\/entrenamiento-invernal-canario-tenerife-bluetrail-2026-primeras-noticias\/#primaryimage"},"image":{"@id":"https:\/\/trailrunadvisor.com\/es\/entrenamiento-invernal-canario-tenerife-bluetrail-2026-primeras-noticias\/#primaryimage"},"thumbnailUrl":"https:\/\/trailrunadvisor.com\/wp-content\/uploads\/2025\/06\/may-2025-1080-x-720-px-1-1.png","datePublished":"2025-06-17T07:13:03+00:00","dateModified":"2026-03-07T23:35:27+00:00","description":"Descubre los primeros detalles sobre la Tenerife Bluetrail 2026. Descubre c\u00f3mo este emblem\u00e1tico ultramarat\u00f3n da forma al entrenamiento invernal en las Islas Canarias.","breadcrumb":{"@id":"https:\/\/trailrunadvisor.com\/es\/entrenamiento-invernal-canario-tenerife-bluetrail-2026-primeras-noticias\/#breadcrumb"},"inLanguage":"es","potentialAction":[{"@type":"ReadAction","target":["https:\/\/trailrunadvisor.com\/es\/entrenamiento-invernal-canario-tenerife-bluetrail-2026-primeras-noticias\/"]}]},{"@type":"ImageObject","inLanguage":"es","@id":"https:\/\/trailrunadvisor.com\/es\/entrenamiento-invernal-canario-tenerife-bluetrail-2026-primeras-noticias\/#primaryimage","url":"https:\/\/trailrunadvisor.com\/wp-content\/uploads\/2025\/06\/may-2025-1080-x-720-px-1-1.png","contentUrl":"https:\/\/trailrunadvisor.com\/wp-content\/uploads\/2025\/06\/may-2025-1080-x-720-px-1-1.png"},{"@type":"BreadcrumbList","@id":"https:\/\/trailrunadvisor.com\/es\/entrenamiento-invernal-canario-tenerife-bluetrail-2026-primeras-noticias\/#breadcrumb","itemListElement":[{"@type":"ListItem","position":1,"name":"Home","item":"https:\/\/trailrunadvisor.com\/es\/"},{"@type":"ListItem","position":2,"name":"Entrenamiento invernal canario: Tenerife Bluetrail 2026 &#8211; primeras noticias"}]},{"@type":"WebSite","@id":"https:\/\/trailrunadvisor.com\/es\/#website","url":"https:\/\/trailrunadvisor.com\/es\/","name":"Trail Run Advisor","description":"","publisher":{"@id":"https:\/\/trailrunadvisor.com\/es\/#organization"},"potentialAction":[{"@type":"SearchAction","target":{"@type":"EntryPoint","urlTemplate":"https:\/\/trailrunadvisor.com\/es\/?s={search_term_string}"},"query-input":{"@type":"PropertyValueSpecification","valueRequired":true,"valueName":"search_term_string"}}],"inLanguage":"es"},{"@type":"Organization","@id":"https:\/\/trailrunadvisor.com\/es\/#organization","name":"Trail Run Advisor","url":"https:\/\/trailrunadvisor.com\/es\/","logo":{"@type":"ImageObject","inLanguage":"es","@id":"https:\/\/trailrunadvisor.com\/es\/#\/schema\/logo\/image\/","url":"https:\/\/trailrunadvisor.com\/wp-content\/uploads\/2023\/12\/logo-trailrunadvisor.png","contentUrl":"https:\/\/trailrunadvisor.com\/wp-content\/uploads\/2023\/12\/logo-trailrunadvisor.png","width":613,"height":80,"caption":"Trail Run Advisor"},"image":{"@id":"https:\/\/trailrunadvisor.com\/es\/#\/schema\/logo\/image\/"},"sameAs":["https:\/\/www.facebook.com\/profile.php?id=61554747731790&mibextid=9R9pXO","https:\/\/www.instagram.com\/trailrunadvisor\/"]},{"@type":"Person","@id":"https:\/\/trailrunadvisor.com\/es\/#\/schema\/person\/3e2010e74dd3c2a21ba9ce2b43d6991d","name":"iMfwI8uAFh5Q6976rfxj","image":{"@type":"ImageObject","inLanguage":"es","@id":"https:\/\/trailrunadvisor.com\/es\/#\/schema\/person\/image\/","url":"https:\/\/secure.gravatar.com\/avatar\/0c6819356538849544fe79abd31afb6f42861bbb96368a1f2151f9a226524dcd?s=96&d=mm&r=g","contentUrl":"https:\/\/secure.gravatar.com\/avatar\/0c6819356538849544fe79abd31afb6f42861bbb96368a1f2151f9a226524dcd?s=96&d=mm&r=g","caption":"iMfwI8uAFh5Q6976rfxj"},"sameAs":["https:\/\/trailrunadvisor.com"]}]}},"_links":{"self":[{"href":"https:\/\/trailrunadvisor.com\/es\/wp-json\/wp\/v2\/posts\/12820","targetHints":{"allow":["GET"]}}],"collection":[{"href":"https:\/\/trailrunadvisor.com\/es\/wp-json\/wp\/v2\/posts"}],"about":[{"href":"https:\/\/trailrunadvisor.com\/es\/wp-json\/wp\/v2\/types\/post"}],"author":[{"embeddable":true,"href":"https:\/\/trailrunadvisor.com\/es\/wp-json\/wp\/v2\/users\/1"}],"replies":[{"embeddable":true,"href":"https:\/\/trailrunadvisor.com\/es\/wp-json\/wp\/v2\/comments?post=12820"}],"version-history":[{"count":2,"href":"https:\/\/trailrunadvisor.com\/es\/wp-json\/wp\/v2\/posts\/12820\/revisions"}],"predecessor-version":[{"id":16794,"href":"https:\/\/trailrunadvisor.com\/es\/wp-json\/wp\/v2\/posts\/12820\/revisions\/16794"}],"wp:attachment":[{"href":"https:\/\/trailrunadvisor.com\/es\/wp-json\/wp\/v2\/media?parent=12820"}],"wp:term":[{"taxonomy":"categories","embeddable":true,"href":"https:\/\/trailrunadvisor.com\/es\/wp-json\/wp\/v2\/category?post=12820"},{"taxonomy":"tags","embeddable":true,"href":"https:\/\/trailrunadvisor.com\/es\/wp-json\/wp\/v2\/tag?post=12820"}],"curies":[{"name":"wp","href":"https:\/\/api.w.org\/{rel}","templated":true}]}}