{"id":16303,"date":"2026-01-05T10:28:16","date_gmt":"2026-01-05T09:28:16","guid":{"rendered":"https:\/\/trailrunadvisor.com\/winter-spine-race-antonio-codina-habla-sobre-la-finalizacion-de-una-de-las-carreras-ultra-mas-duras-del-mundo\/"},"modified":"2026-02-27T23:28:06","modified_gmt":"2026-02-27T22:28:06","slug":"winter-spine-race-antonio-codina-habla-sobre-la-finalizacion-de-una-de-las-carreras-ultra-mas-duras-del-mundo","status":"publish","type":"post","link":"https:\/\/trailrunadvisor.com\/es\/winter-spine-race-antonio-codina-habla-sobre-la-finalizacion-de-una-de-las-carreras-ultra-mas-duras-del-mundo\/","title":{"rendered":"Winter Spine Race: Antonio Codina habla sobre la finalizaci\u00f3n de una de las carreras ultra m\u00e1s duras del mundo"},"content":{"rendered":"\t\t<div data-elementor-type=\"wp-post\" data-elementor-id=\"16303\" class=\"elementor elementor-16303 elementor-15919\" data-elementor-post-type=\"post\">\n\t\t\t\t<div class=\"elementor-element elementor-element-0134ae5 e-flex e-con-boxed e-con e-parent\" data-id=\"0134ae5\" data-element_type=\"container\">\n\t\t\t\t\t<div class=\"e-con-inner\">\n\t\t\t\t<div class=\"elementor-element elementor-element-ecf20ba elementor-widget elementor-widget-image\" data-id=\"ecf20ba\" data-element_type=\"widget\" data-widget_type=\"image.default\">\n\t\t\t\t<div class=\"elementor-widget-container\">\n\t\t\t\t\t\t\t\t\t\t\t\t\t\t\t<img fetchpriority=\"high\" decoding=\"async\" width=\"2048\" height=\"1365\" src=\"https:\/\/trailrunadvisor.com\/wp-content\/uploads\/2026\/01\/33315.jpg\" class=\"attachment-full size-full wp-image-16242 not-transparent\" alt=\"Winter Spine Race\" srcset=\"https:\/\/trailrunadvisor.com\/wp-content\/uploads\/2026\/01\/33315.jpg 2048w, https:\/\/trailrunadvisor.com\/wp-content\/uploads\/2026\/01\/33315-300x200.jpg 300w, https:\/\/trailrunadvisor.com\/wp-content\/uploads\/2026\/01\/33315-1024x683.jpg 1024w, https:\/\/trailrunadvisor.com\/wp-content\/uploads\/2026\/01\/33315-768x512.jpg 768w, https:\/\/trailrunadvisor.com\/wp-content\/uploads\/2026\/01\/33315-1536x1024.jpg 1536w\" sizes=\"(max-width: 2048px) 100vw, 2048px\" data-has-transparency=\"false\" data-dominant-color=\"949886\" style=\"--dominant-color: #949886\" \/>\t\t\t\t\t\t\t\t\t\t\t\t\t\t\t<\/div>\n\t\t\t\t<\/div>\n\t\t\t\t<div class=\"elementor-element elementor-element-323388c elementor-widget elementor-widget-theme-post-title elementor-page-title elementor-widget-heading\" data-id=\"323388c\" data-element_type=\"widget\" data-widget_type=\"theme-post-title.default\">\n\t\t\t\t<div class=\"elementor-widget-container\">\n\t\t\t\t\t<h1 class=\"elementor-heading-title elementor-size-default\">Winter Spine Race: Antonio Codina habla sobre la finalizaci\u00f3n de una de las carreras ultra m\u00e1s duras del mundo<\/h1>\t\t\t\t<\/div>\n\t\t\t\t<\/div>\n\t\t\t\t<div class=\"elementor-element elementor-element-4329d3c elementor-align-center elementor-widget elementor-widget-post-info\" data-id=\"4329d3c\" data-element_type=\"widget\" data-widget_type=\"post-info.default\">\n\t\t\t\t<div class=\"elementor-widget-container\">\n\t\t\t\t\t\t\t<ul class=\"elementor-inline-items elementor-icon-list-items elementor-post-info\">\n\t\t\t\t\t\t\t\t<li class=\"elementor-icon-list-item elementor-repeater-item-2adc81a elementor-inline-item\" itemprop=\"datePublished\">\n\t\t\t\t\t\t<a href=\"https:\/\/trailrunadvisor.com\/es\/2026\/01\/05\/\">\n\t\t\t\t\t\t\t\t\t\t\t\t\t\t<span class=\"elementor-icon-list-text elementor-post-info__item elementor-post-info__item--type-date\">\n\t\t\t\t\t\t\t\t\t\t<time>enero 5, 2026<\/time>\t\t\t\t\t<\/span>\n\t\t\t\t\t\t\t\t\t<\/a>\n\t\t\t\t<\/li>\n\t\t\t\t<\/ul>\n\t\t\t\t\t\t<\/div>\n\t\t\t\t<\/div>\n\t\t\t\t<div class=\"elementor-element elementor-element-da422ad elementor-widget elementor-widget-text-editor\" data-id=\"da422ad\" data-element_type=\"widget\" data-widget_type=\"text-editor.default\">\n\t\t\t\t<div class=\"elementor-widget-container\">\n\t\t\t\t\t\t\t\t\t<p class=\"p1\">La <b>Winter Spine Race<\/b> est\u00e1 ampliamente considerada como una de las <a href=\"https:\/\/trailrunadvisor.com\/top-7-most-difficult-winter-trail-races-in-the-world\/\">carreras de ultratrail m\u00e1s duras del mundo<\/a>. Cubre <b>268 millas a lo largo de la Pennine Way<\/b>, en pleno invierno brit\u00e1nico, y exige autosuficiencia total, habilidades de navegaci\u00f3n, resistencia al fr\u00edo, a la oscuridad, privaci\u00f3n del sue\u00f1o y capacidad para seguir avanzando cuando las condiciones se vuelven verdaderamente extremas. <\/p><p class=\"p1\">Terminar la <b>Carrera Espinal de Invierno 2025<\/b> no es simplemente un resultado deportivo: es un profundo logro f\u00edsico y psicol\u00f3gico.<\/p><p class=\"p1\">En esta entrevista, hablamos con <b>Antonio Codina<\/b>, <b>finalista en m\u00faltiples ocasiones de la Winter Spine Race<\/b>, que ha completado tanto la Challenger como la carrera completa de 268 millas en varias ediciones, incluida <b>la Spine Race 2025<\/b>. Bas\u00e1ndose en a\u00f1os de experiencia, Antonio comparte lo que realmente se necesita para sobrevivir a una de las pruebas de ultradistancia m\u00e1s exigentes del mundo. <\/p><p class=\"p1\">Desde el <b>entrenamiento y la preparaci\u00f3n<\/b>, la <b>selecci\u00f3n del equipo<\/b>, la <b>nutrici\u00f3n en condiciones de fr\u00edo extremo<\/b> y la <b>gesti\u00f3n de la privaci\u00f3n del sue\u00f1o<\/b>, hasta las estrategias mentales necesarias para soportar d\u00edas de esfuerzo continuo, Antonio ofrece una visi\u00f3n honesta y pr\u00e1ctica de la vida dentro de la Carrera Invernal de la Espina Dorsal.<\/p><p class=\"p1\">Tanto si te est\u00e1s preparando para la Carrera de la Espina dorsal como si est\u00e1s considerando la posibilidad de participar en carreras ultra de tipo expedici\u00f3n o si est\u00e1s siguiendo a los atletas que se enfrentar\u00e1n a la Carrera de la Espina dorsal de invierno en enero, esta entrevista te ofrece valiosas lecciones de alguien que conoce la carrera desde dentro.<\/p>\t\t\t\t\t\t\t\t<\/div>\n\t\t\t\t<\/div>\n\t\t\t\t<div class=\"elementor-element elementor-element-9ddb33f elementor-widget elementor-widget-heading\" data-id=\"9ddb33f\" data-element_type=\"widget\" data-widget_type=\"heading.default\">\n\t\t\t\t<div class=\"elementor-widget-container\">\n\t\t\t\t\t<h2 class=\"elementor-heading-title elementor-size-default\">Q1 La Winter Spine Race es conocida como una de las m\u00e1s duras del mundo.<\/h2>\t\t\t\t<\/div>\n\t\t\t\t<\/div>\n\t\t\t\t<div class=\"elementor-element elementor-element-b2b46a1 elementor-widget elementor-widget-heading\" data-id=\"b2b46a1\" data-element_type=\"widget\" data-widget_type=\"heading.default\">\n\t\t\t\t<div class=\"elementor-widget-container\">\n\t\t\t\t\t<h3 class=\"elementor-heading-title elementor-size-default\">\u00bfCu\u00e1l fue el momento de la carrera en que te diste cuenta de su verdadera dificultad, y c\u00f3mo la superaste mentalmente?<\/h3>\t\t\t\t<\/div>\n\t\t\t\t<\/div>\n\t\t\t\t<div class=\"elementor-element elementor-element-4238004 elementor-widget elementor-widget-text-editor\" data-id=\"4238004\" data-element_type=\"widget\" data-widget_type=\"text-editor.default\">\n\t\t\t\t<div class=\"elementor-widget-container\">\n\t\t\t\t\t\t\t\t\t<p class=\"p1\">Esto ha ocurrido muchas veces a lo largo de los a\u00f1os, porque he participado 4 veces en carreras de la columna vertebral de invierno. En 2019 y 2023 particip\u00e9 en la Challenger Sur, y en 2020 y 2025 en la distancia completa de 268 millas. En la Spine Challenger Sur de 2019, la subestim\u00e9 totalmente pensando que s\u00f3lo era una carrera de 160 km y acab\u00e9 como un descosido. No me di cuenta de lo lento que se avanza en ese recorrido, con un pesado pelot\u00f3n y casi siempre en la oscuridad. Fui son\u00e1mbulo durante horas, como un zombi. Mi pensamiento justo despu\u00e9s fue, \u00bfc\u00f3mo tengo que correr las primeras 100 millas para continuar hasta el final? Volv\u00ed en 2020 en la carrera completa y termin\u00e9 a pesar de lesionarme la pantorrilla al principio de la carrera. Estaba mejor preparada mentalmente, empec\u00e9 m\u00e1s despacio y utilic\u00e9 micro siestas para impulsarme a lo largo de la carrera. Cuando me lesion\u00e9 me adapt\u00e9 a ello, reduciendo la velocidad y haciendo un punto de control cada vez. Este a\u00f1o he vuelto a\u00fan mejor preparada y he rebajado en casi 12 horas mi tiempo de 2020.        <\/p>\t\t\t\t\t\t\t\t<\/div>\n\t\t\t\t<\/div>\n\t\t\t\t<div class=\"elementor-element elementor-element-1733f25 elementor-widget elementor-widget-heading\" data-id=\"1733f25\" data-element_type=\"widget\" data-widget_type=\"heading.default\">\n\t\t\t\t<div class=\"elementor-widget-container\">\n\t\t\t\t\t<h2 class=\"elementor-heading-title elementor-size-default\">Q2 La preparaci\u00f3n es clave para una carrera de esta magnitud.<\/h2>\t\t\t\t<\/div>\n\t\t\t\t<\/div>\n\t\t\t\t<div class=\"elementor-element elementor-element-b052d33 elementor-widget elementor-widget-heading\" data-id=\"b052d33\" data-element_type=\"widget\" data-widget_type=\"heading.default\">\n\t\t\t\t<div class=\"elementor-widget-container\">\n\t\t\t\t\t<h3 class=\"elementor-heading-title elementor-size-default\">Mirando hacia atr\u00e1s, \u00bfqu\u00e9 parte de tu entrenamiento result\u00f3 ser la m\u00e1s esencial, y hay algo que preparar\u00edas de forma diferente ahora?<\/h3>\t\t\t\t<\/div>\n\t\t\t\t<\/div>\n\t\t\t\t<div class=\"elementor-element elementor-element-120675b elementor-widget elementor-widget-text-editor\" data-id=\"120675b\" data-element_type=\"widget\" data-widget_type=\"text-editor.default\">\n\t\t\t\t<div class=\"elementor-widget-container\">\n\t\t\t\t\t\t\t\t\t<p class=\"p1\">Desde el punto de vista f\u00edsico, hago ejercicios de fuerza y entreno con la mochila. Debes entrenar mucho los m\u00fasculos de la parte inferior de las piernas, ya que la mayor\u00eda de la gente acaba con lesiones por distensi\u00f3n en las pantorrillas y las espinillas por resbalar en el barro todo el tiempo. Yo trabajar\u00eda a\u00fan m\u00e1s ese aspecto porque siempre he acabado con serias distensiones en los m\u00fasculos de la parte inferior de las piernas.  <\/p><p class=\"p1\">Los d\u00edas largos con tu equipo tambi\u00e9n son esenciales. Tienes que tener confianza para salir solo con cualquier tiempo. <\/p>\t\t\t\t\t\t\t\t<\/div>\n\t\t\t\t<\/div>\n\t\t\t\t<div class=\"elementor-element elementor-element-c363540 elementor-widget elementor-widget-heading\" data-id=\"c363540\" data-element_type=\"widget\" data-widget_type=\"heading.default\">\n\t\t\t\t<div class=\"elementor-widget-container\">\n\t\t\t\t\t<h2 class=\"elementor-heading-title elementor-size-default\">Q3 El equipo puede hacer o deshacer la experiencia de la Carrera de la Espina Dorsal.<\/h2>\t\t\t\t<\/div>\n\t\t\t\t<\/div>\n\t\t\t\t<div class=\"elementor-element elementor-element-f33d827 elementor-widget elementor-widget-heading\" data-id=\"f33d827\" data-element_type=\"widget\" data-widget_type=\"heading.default\">\n\t\t\t\t<div class=\"elementor-widget-container\">\n\t\t\t\t\t<h3 class=\"elementor-heading-title elementor-size-default\">\u00bfCu\u00e1les eran las tres piezas de equipo m\u00e1s valiosas que llevabas, y qu\u00e9 errores de equipo hay que evitar a toda costa?<\/h3>\t\t\t\t<\/div>\n\t\t\t\t<\/div>\n\t\t\t\t<div class=\"elementor-element elementor-element-4680117 elementor-widget elementor-widget-text-editor\" data-id=\"4680117\" data-element_type=\"widget\" data-widget_type=\"text-editor.default\">\n\t\t\t\t<div class=\"elementor-widget-container\">\n\t\t\t\t\t\t\t\t\t<p class=\"p2\">Sufro de manos fr\u00edas y utilizo sobretodos de goretex de Extremities. Les he puesto cordones para poder quit\u00e1rmelos sin perderlos. Si tengo las manos fr\u00edas, me los pongo encima de los guantes mojados y se me calientan enseguida.  <\/p><p class=\"p2\">Tu chubasquero es otra pieza esencial del equipo. Evita los chubasqueros muy ligeros porque no te proteger\u00e1n de la lluvia y el viento que puede haber en invierno. Lo ideal es que tenga orificios de ventilaci\u00f3n bajo los brazos para que puedas refrescarte sin quitarte la chaqueta y la mochila para minimizar las molestias. Es bastante controvertido, pero me encantan las chaquetas de paramo. No pasan la revisi\u00f3n del equipo, pero estoy seguro de que me mantendr\u00e1n seco en la peor tormenta.    <\/p><p class=\"p2\">Por \u00faltimo, y uno de los m\u00e1s importantes, debes averiguar la combinaci\u00f3n de calcetines y zapatillas que quieres utilizar. La mayor\u00eda de la gente utiliza calcetines impermeables, pero no son para todo el mundo. Y puede que tus zapatillas favoritas no encajen con ellos, como descubr\u00ed el a\u00f1o pasado. Mis calcetines favoritos son los dexshell compression mudder (puede que ahora hayan cambiado de nombre)   <\/p><p class=\"p2\">Vale, ya s\u00e9 que s\u00f3lo quieres tres prendas, pero debo a\u00f1adir una cuarta. La chaqueta h\u00edbrida Inov8 es una prenda incre\u00edble, c\u00e1lida, ligera y de secado muy r\u00e1pido. La llev\u00e9 casi todos los d\u00edas durante la carrera del a\u00f1o pasado.    <\/p>\t\t\t\t\t\t\t\t<\/div>\n\t\t\t\t<\/div>\n\t\t\t\t<div class=\"elementor-element elementor-element-f12749d elementor-widget elementor-widget-heading\" data-id=\"f12749d\" data-element_type=\"widget\" data-widget_type=\"heading.default\">\n\t\t\t\t<div class=\"elementor-widget-container\">\n\t\t\t\t\t<h2 class=\"elementor-heading-title elementor-size-default\">Q4 El tiempo y el terreno son extremadamente impredecibles.<\/h2>\t\t\t\t<\/div>\n\t\t\t\t<\/div>\n\t\t\t\t<div class=\"elementor-element elementor-element-50abbfc elementor-widget elementor-widget-heading\" data-id=\"50abbfc\" data-element_type=\"widget\" data-widget_type=\"heading.default\">\n\t\t\t\t<div class=\"elementor-widget-container\">\n\t\t\t\t\t<h3 class=\"elementor-heading-title elementor-size-default\">\u00bfC\u00f3mo gestionaste los largos periodos de fr\u00edo, viento y oscuridad? \u00bfAlguna estrategia espec\u00edfica para mantenerte caliente, seco y seguro durante las noches? <\/h3>\t\t\t\t<\/div>\n\t\t\t\t<\/div>\n\t\t\t\t<div class=\"elementor-element elementor-element-b0e258f elementor-widget elementor-widget-text-editor\" data-id=\"b0e258f\" data-element_type=\"widget\" data-widget_type=\"text-editor.default\">\n\t\t\t\t<div class=\"elementor-widget-container\">\n\t\t\t\t\t\t\t\t\t<p class=\"p1\">Lleva siempre una capa de repuesto en la bolsa cuando salgas de un puesto de control. Y piensa con antelaci\u00f3n. Si vas a cruzar una zona alta y expuesta, quiz\u00e1 quieras ponerte algo m\u00e1s abrigado antes.  <\/p><p class=\"p1\">En situaciones muy complicadas, puede que quieras formar equipo con un compa\u00f1ero de carrera. El a\u00f1o pasado, al navegar por enormes acumulaciones de nieve en medio de una tormenta, me alegr\u00e9 de trabajar con Andrew Heaney para ayudarnos mutuamente en la navegaci\u00f3n. <\/p><p class=\"p1\">Ten preparada tu linterna frontal de repuesto por si falla la principal. Y carga tus linternas en los puntos de control, porque no querr\u00e1s perder el tiempo cambiando las pilas bajo la lluvia. <\/p>\t\t\t\t\t\t\t\t<\/div>\n\t\t\t\t<\/div>\n\t\t\t\t<div class=\"elementor-element elementor-element-a55925f elementor-widget elementor-widget-image\" data-id=\"a55925f\" data-element_type=\"widget\" data-widget_type=\"image.default\">\n\t\t\t\t<div class=\"elementor-widget-container\">\n\t\t\t\t\t\t\t\t\t\t\t\t\t\t\t<img decoding=\"async\" width=\"1024\" height=\"683\" src=\"https:\/\/trailrunadvisor.com\/wp-content\/uploads\/2026\/01\/33375-1024x683.jpg\" class=\"attachment-large size-large wp-image-16240 not-transparent\" alt=\"Winter Spine Race\" srcset=\"https:\/\/trailrunadvisor.com\/wp-content\/uploads\/2026\/01\/33375-1024x683.jpg 1024w, https:\/\/trailrunadvisor.com\/wp-content\/uploads\/2026\/01\/33375-300x200.jpg 300w, https:\/\/trailrunadvisor.com\/wp-content\/uploads\/2026\/01\/33375-768x512.jpg 768w, https:\/\/trailrunadvisor.com\/wp-content\/uploads\/2026\/01\/33375-1536x1025.jpg 1536w, https:\/\/trailrunadvisor.com\/wp-content\/uploads\/2026\/01\/33375.jpg 2048w\" sizes=\"(max-width: 1024px) 100vw, 1024px\" data-has-transparency=\"false\" data-dominant-color=\"22334a\" style=\"--dominant-color: #22334a\" \/>\t\t\t\t\t\t\t\t\t\t\t\t\t\t\t<\/div>\n\t\t\t\t<\/div>\n\t\t\t\t<div class=\"elementor-element elementor-element-de2381e elementor-widget elementor-widget-heading\" data-id=\"de2381e\" data-element_type=\"widget\" data-widget_type=\"heading.default\">\n\t\t\t\t<div class=\"elementor-widget-container\">\n\t\t\t\t\t<h2 class=\"elementor-heading-title elementor-size-default\">\nP5 La gesti\u00f3n del sue\u00f1o y la fatiga son fundamentales.<\/h2>\t\t\t\t<\/div>\n\t\t\t\t<\/div>\n\t\t\t\t<div class=\"elementor-element elementor-element-571dcba elementor-widget elementor-widget-heading\" data-id=\"571dcba\" data-element_type=\"widget\" data-widget_type=\"heading.default\">\n\t\t\t\t<div class=\"elementor-widget-container\">\n\t\t\t\t\t<h3 class=\"elementor-heading-title elementor-size-default\">\u00bfC\u00f3mo conseguiste equilibrar la necesidad de progresar con la necesidad de descansar, y cu\u00e1l es tu consejo para evitar la \"espiral de privaci\u00f3n de sue\u00f1o\"?<\/h3>\t\t\t\t<\/div>\n\t\t\t\t<\/div>\n\t\t\t\t<div class=\"elementor-element elementor-element-619f73b elementor-widget elementor-widget-text-editor\" data-id=\"619f73b\" data-element_type=\"widget\" data-widget_type=\"text-editor.default\">\n\t\t\t\t<div class=\"elementor-widget-container\">\n\t\t\t\t\t\t\t\t\t<p class=\"p1\">Tu estrategia para dormir es muy importante, debes estudiar la ruta y conocer los posibles puntos de descanso entre los puntos de control. Hay algunos lugares resguardados entre los puntos de control donde puedes dormir o simplemente descansar escondido de las inclemencias del tiempo. Debes hacer una lista de ellos y saber cu\u00e1les son tus opciones en funci\u00f3n de c\u00f3mo te sientas o del tiempo que haga a tu paso. A m\u00ed me funcionan muy bien las microsiestas de 15 minutos, as\u00ed que duermo unas 3 horas en los puntos de control y luego cojo microsue\u00f1os entre medias. No obstante, tienes que averiguar qu\u00e9 funciona para ti.    <\/p>\t\t\t\t\t\t\t\t<\/div>\n\t\t\t\t<\/div>\n\t\t\t\t<div class=\"elementor-element elementor-element-6a1dee6 elementor-widget elementor-widget-heading\" data-id=\"6a1dee6\" data-element_type=\"widget\" data-widget_type=\"heading.default\">\n\t\t\t\t<div class=\"elementor-widget-container\">\n\t\t\t\t\t<h2 class=\"elementor-heading-title elementor-size-default\">P6 La Carrera de la Espina dorsal se describe a menudo como m\u00e1s psicol\u00f3gica que f\u00edsica.<\/h2>\t\t\t\t<\/div>\n\t\t\t\t<\/div>\n\t\t\t\t<div class=\"elementor-element elementor-element-6eaa7e1 elementor-widget elementor-widget-heading\" data-id=\"6eaa7e1\" data-element_type=\"widget\" data-widget_type=\"heading.default\">\n\t\t\t\t<div class=\"elementor-widget-container\">\n\t\t\t\t\t<h3 class=\"elementor-heading-title elementor-size-default\">\u00bfQu\u00e9 herramientas o t\u00e9cnicas mentales te ayudaron a mantener la concentraci\u00f3n cuando las cosas se pusieron realmente dif\u00edciles?<\/h3>\t\t\t\t<\/div>\n\t\t\t\t<\/div>\n\t\t\t\t<div class=\"elementor-element elementor-element-c00177f elementor-widget elementor-widget-text-editor\" data-id=\"c00177f\" data-element_type=\"widget\" data-widget_type=\"text-editor.default\">\n\t\t\t\t<div class=\"elementor-widget-container\">\n\t\t\t\t\t\t\t\t\t<p class=\"p1\">En los momentos realmente duros s\u00f3lo pienso en la tarea que tengo entre manos, que es llegar al siguiente punto de control o lugar protegido. Siempre pienso en la suerte que tengo de poder hacer esta carrera. En los momentos m\u00e1s duros suelo pensar &#8220;\u00bfd\u00f3nde preferir\u00edas estar?&#8221;. Y la respuesta siempre es &#8220;en ning\u00fan otro sitio&#8221;.     <\/p>\t\t\t\t\t\t\t\t<\/div>\n\t\t\t\t<\/div>\n\t\t\t\t<div class=\"elementor-element elementor-element-1d896ae elementor-widget elementor-widget-heading\" data-id=\"1d896ae\" data-element_type=\"widget\" data-widget_type=\"heading.default\">\n\t\t\t\t<div class=\"elementor-widget-container\">\n\t\t\t\t\t<h2 class=\"elementor-heading-title elementor-size-default\">P7 La nutrici\u00f3n se convierte en un reto incre\u00edble en carreras tan fr\u00edas y largas.<\/h2>\t\t\t\t<\/div>\n\t\t\t\t<\/div>\n\t\t\t\t<div class=\"elementor-element elementor-element-5d7d115 elementor-widget elementor-widget-heading\" data-id=\"5d7d115\" data-element_type=\"widget\" data-widget_type=\"heading.default\">\n\t\t\t\t<div class=\"elementor-widget-container\">\n\t\t\t\t\t<h3 class=\"elementor-heading-title elementor-size-default\">\u00bfCu\u00e1l fue tu estrategia de alimentaci\u00f3n durante la Spine Race -tanto en t\u00e9rminos de lo que comiste como de la frecuencia- y qu\u00e9 consejos dar\u00edas para evitar los bajones de energ\u00eda o los problemas estomacales en esas condiciones?<\/h3>\t\t\t\t<\/div>\n\t\t\t\t<\/div>\n\t\t\t\t<div class=\"elementor-element elementor-element-2e3d86f elementor-widget elementor-widget-text-editor\" data-id=\"2e3d86f\" data-element_type=\"widget\" data-widget_type=\"text-editor.default\">\n\t\t\t\t<div class=\"elementor-widget-container\">\n\t\t\t\t\t\t\t\t\t<p class=\"p1\">\u00a1Yo como todo el tiempo! Mi bolsa est\u00e1 llena de barritas y geles para mantenerme en marcha, tambi\u00e9n frutos secos o aperitivos salados para a\u00f1adir variedad. La gente piensa que los geles no son \u00fatiles en una carrera de esta duraci\u00f3n, pero pueden tomarse muy r\u00e1pido, incluso con guantes para darte un empuj\u00f3n r\u00e1pido.  <\/p><p class=\"p1\">Para los tramos m\u00e1s largos llevo una comida deshidratada que preparo con agua de mi termo; lugares como el peque\u00f1o puesto de control de Malham Tarn tambi\u00e9n suministran agua caliente. Siempre encuentro que una comida caliente me mantiene en marcha mucho m\u00e1s tiempo que si me limito a picar comida del sendero. La comida en los puntos de control es excelente y yo tambi\u00e9n la aprovecho siempre.  <\/p><p class=\"p1\">Soy embajadora de Mountain Fuel, as\u00ed que siempre llevo bebidas energ\u00e9ticas en mis botellas para ayudar con el aporte cal\u00f3rico y tambi\u00e9n para evitar que se congelen cuando hace mucho fr\u00edo.  <\/p>\t\t\t\t\t\t\t\t<\/div>\n\t\t\t\t<\/div>\n\t\t\t\t<div class=\"elementor-element elementor-element-c093bc0 elementor-widget elementor-widget-heading\" data-id=\"c093bc0\" data-element_type=\"widget\" data-widget_type=\"heading.default\">\n\t\t\t\t<div class=\"elementor-widget-container\">\n\t\t\t\t\t<h2 class=\"elementor-heading-title elementor-size-default\">P8 Has completado otras grandes pruebas de ultra trail.<\/h2>\t\t\t\t<\/div>\n\t\t\t\t<\/div>\n\t\t\t\t<div class=\"elementor-element elementor-element-ef5fc45 elementor-widget elementor-widget-heading\" data-id=\"ef5fc45\" data-element_type=\"widget\" data-widget_type=\"heading.default\">\n\t\t\t\t<div class=\"elementor-widget-container\">\n\t\t\t\t\t<h3 class=\"elementor-heading-title elementor-size-default\">\u00bfC\u00f3mo se compara la Winter Spine Race con los otros ultras que has hecho en cuanto a dificultad, terreno, mentalidad y experiencia en general?<\/h3>\t\t\t\t<\/div>\n\t\t\t\t<\/div>\n\t\t\t\t<div class=\"elementor-element elementor-element-ed23959 elementor-widget elementor-widget-text-editor\" data-id=\"ed23959\" data-element_type=\"widget\" data-widget_type=\"text-editor.default\">\n\t\t\t\t<div class=\"elementor-widget-container\">\n\t\t\t\t\t\t\t\t\t<p class=\"p1\">Cada carrera es un reto diferente, y puede resultar dif\u00edcil compararlas. A menudo digo que, comparada con Tor des Geants o Dragons Back, la Carrera de la Espina dorsal es la carrera m\u00e1s dura, sobre todo porque no est\u00e1 marcada, tienes mucho menos apoyo y tienes que llevar mucho equipo, y el tiempo y el terreno son totalmente impredecibles. No exagero cuando digo que en algunas situaciones estar\u00e1s en estado de shock. La experiencia es \u00fanica, no s\u00f3lo por lo dura que es la carrera, sino por el ej\u00e9rcito de voluntarios que har\u00e1n todo lo posible por ayudarte. Hay una inmensa positividad durante toda la semana que es simplemente fant\u00e1stica. Un grupo de corredores se dispone a intentar algo extraordinario, y todos esos voluntarios regalan su tiempo para que t\u00fa puedas hacerlo.       <\/p>\t\t\t\t\t\t\t\t<\/div>\n\t\t\t\t<\/div>\n\t\t\t\t<div class=\"elementor-element elementor-element-c05f3b4 elementor-widget elementor-widget-heading\" data-id=\"c05f3b4\" data-element_type=\"widget\" data-widget_type=\"heading.default\">\n\t\t\t\t<div class=\"elementor-widget-container\">\n\t\t\t\t\t<h2 class=\"elementor-heading-title elementor-size-default\">P9 Para alguien que se est\u00e9 preparando para la pr\u00f3xima edici\u00f3n...<\/h2>\t\t\t\t<\/div>\n\t\t\t\t<\/div>\n\t\t\t\t<div class=\"elementor-element elementor-element-65c1f28 elementor-widget elementor-widget-heading\" data-id=\"65c1f28\" data-element_type=\"widget\" data-widget_type=\"heading.default\">\n\t\t\t\t<div class=\"elementor-widget-container\">\n\t\t\t\t\t<h3 class=\"elementor-heading-title elementor-size-default\">Si pudieras darle un solo consejo para terminar la Winter Spine Race, \u00bfcu\u00e1l ser\u00eda?<\/h3>\t\t\t\t<\/div>\n\t\t\t\t<\/div>\n\t\t\t\t<div class=\"elementor-element elementor-element-f31a071 elementor-widget elementor-widget-text-editor\" data-id=\"f31a071\" data-element_type=\"widget\" data-widget_type=\"text-editor.default\">\n\t\t\t\t<div class=\"elementor-widget-container\">\n\t\t\t\t\t\t\t\t\t<p class=\"p1\">\u00bfS\u00f3lo una? Sal con un tiempo horrible para poner a prueba tu equipo, tu navegaci\u00f3n y tener confianza en tu capacidad. Con\u00e9ctate con participantes anteriores para aprender de ellos, todo el mundo es muy amable y somos una fant\u00e1stica familia de la Columna Vertebral. Cu\u00eddate, es muy f\u00e1cil coger un resfriado fuerte en esta \u00e9poca del a\u00f1o y arruinarte la carrera. Y sonr\u00ede porque es probable que vivas una de las mejores aventuras de tu vida.    <\/p>\t\t\t\t\t\t\t\t<\/div>\n\t\t\t\t<\/div>\n\t\t\t\t<div class=\"elementor-element elementor-element-c15ed54 elementor-widget elementor-widget-heading\" data-id=\"c15ed54\" data-element_type=\"widget\" data-widget_type=\"heading.default\">\n\t\t\t\t<div class=\"elementor-widget-container\">\n\t\t\t\t\t<h2 class=\"elementor-heading-title elementor-size-default\">Conclusi\u00f3n<\/h2>\t\t\t\t<\/div>\n\t\t\t\t<\/div>\n\t\t\t\t<div class=\"elementor-element elementor-element-4144c17 elementor-widget elementor-widget-text-editor\" data-id=\"4144c17\" data-element_type=\"widget\" data-widget_type=\"text-editor.default\">\n\t\t\t\t<div class=\"elementor-widget-container\">\n\t\t\t\t\t\t\t\t\t<p class=\"p1\">El viaje de <a href=\"https:\/\/www.instagram.com\/ant_codina\/?hl=en\" target=\"_blank\" rel=\"noopener\">Antonio Codina <\/a>por la <a href=\"https:\/\/www.thespinerace.com\/race\/montane-winter-spine\/\" target=\"_blank\" rel=\"noopener\"><b>Carrera Espinal de Invierno<\/b><\/a> pone de relieve lo que realmente define a este legendario ultra: adaptabilidad, paciencia y respeto por el medio ambiente. A trav\u00e9s de la experiencia, una preparaci\u00f3n refinada y lecciones duramente aprendidas, transform\u00f3 el sufrimiento inicial en control, mejorando su rendimiento en casi 12 horas entre ediciones. <\/p><p class=\"p1\">M\u00e1s que un reto f\u00edsico, la <b>Carrera de la Espina dorsal<\/b> es una prueba mental. Dividir la carrera en tramos manejables, dominar la privaci\u00f3n de sue\u00f1o, abastecerte de combustible de forma constante en condiciones de fr\u00edo extremo y confiar en tu equipo son elementos esenciales para tener \u00e9xito a lo largo de 268 millas. <\/p><p class=\"p1\">Como explica Antonio, la Winter Spine Race tambi\u00e9n es \u00fanica por su esp\u00edritu: una rara combinaci\u00f3n de condiciones brutales, l\u00edmites personales y una extraordinaria comunidad de corredores y voluntarios. Es un evento de ultra trail en el que terminar importa mucho m\u00e1s que la clasificaci\u00f3n. <\/p><p class=\"p1\">Para los futuros participantes , la experiencia de Antonio ofrece consejos concretos, expectativas realistas y un poderoso recordatorio: en las carreras m\u00e1s duras del planeta, la preparaci\u00f3n, la humildad y la resistencia mental son lo que te lleva a la meta.<\/p>\t\t\t\t\t\t\t\t<\/div>\n\t\t\t\t<\/div>\n\t\t\t\t<div class=\"elementor-element elementor-element-3c32e31 elementor-author-box--avatar-yes elementor-author-box--name-yes elementor-author-box--link-no elementor-widget elementor-widget-author-box\" data-id=\"3c32e31\" data-element_type=\"widget\" data-widget_type=\"author-box.default\">\n\t\t\t\t<div class=\"elementor-widget-container\">\n\t\t\t\t\t\t\t<div class=\"elementor-author-box\">\n\t\t\t\t\t\t\t<a href=\"https:\/\/trailrunadvisor.com\/lucian\/\" target=\"_blank\" class=\"elementor-author-box__avatar\">\n\t\t\t\t\t<img decoding=\"async\" src=\"https:\/\/trailrunadvisor.com\/wp-content\/uploads\/2025\/06\/cropped-Lucian-300x300.jpg\" alt=\"Imagen de Lucian\" loading=\"lazy\">\n\t\t\t\t<\/a>\n\t\t\t\n\t\t\t<div class=\"elementor-author-box__text\">\n\t\t\t\t\t\t\t\t\t<a href=\"https:\/\/trailrunadvisor.com\/lucian\/\" target=\"_blank\">\n\t\t\t\t\t\t<h4 class=\"elementor-author-box__name\">\n\t\t\t\t\t\t\tLucian\t\t\t\t\t\t<\/h4>\n\t\t\t\t\t<\/a>\n\t\t\t\t\n\t\t\t\t\n\t\t\t\t\t\t\t<\/div>\n\t\t<\/div>\n\t\t\t\t\t\t<\/div>\n\t\t\t\t<\/div>\n\t\t\t\t\t<\/div>\n\t\t\t\t<\/div>\n\t\t\t\t<\/div>\n\t\t","protected":false},"excerpt":{"rendered":"<p>La Winter Spine Race est\u00e1 ampliamente considerada como una de las carreras de ultratrail m\u00e1s duras del mundo. Cubre 268 millas a lo largo de la Pennine Way, en pleno invierno brit\u00e1nico, y exige autosuficiencia total, habilidades de navegaci\u00f3n, resistencia al fr\u00edo, a la oscuridad, privaci\u00f3n del sue\u00f1o y capacidad para seguir avanzando cuando las [&hellip;]<\/p>\n","protected":false},"author":6,"featured_media":0,"comment_status":"closed","ping_status":"closed","sticky":false,"template":"","format":"standard","meta":{"_acf_changed":false,"footnotes":""},"category":[143],"tag":[183],"class_list":["post-16303","post","type-post","status-publish","format-standard","hentry","categories-noticias-es","tags-home-post"],"acf":[],"yoast_head":"<!-- This site is optimized with the Yoast SEO plugin v26.8 - https:\/\/yoast.com\/product\/yoast-seo-wordpress\/ -->\n<title>Winter Spine Race: Antonio Codina habla sobre la finalizaci\u00f3n de una de las carreras ultra m\u00e1s duras del mundo<\/title>\n<meta name=\"description\" content=\"Antonio Codina comparte su experiencia al terminar la Winter Spine Race, una de las carreras ultra m\u00e1s duras del mundo, enfrent\u00e1ndose al fr\u00edo extremo, a la privaci\u00f3n de sue\u00f1o y a un terreno implacable.\" \/>\n<meta name=\"robots\" content=\"index, follow, max-snippet:-1, max-image-preview:large, max-video-preview:-1\" \/>\n<link rel=\"canonical\" href=\"https:\/\/trailrunadvisor.com\/es\/winter-spine-race-antonio-codina-habla-sobre-la-finalizacion-de-una-de-las-carreras-ultra-mas-duras-del-mundo\/\" \/>\n<meta property=\"og:locale\" content=\"es_ES\" \/>\n<meta property=\"og:type\" content=\"article\" \/>\n<meta property=\"og:title\" content=\"Winter Spine Race: Antonio Codina habla sobre la finalizaci\u00f3n de una de las carreras ultra m\u00e1s duras del mundo\" \/>\n<meta property=\"og:description\" content=\"Antonio Codina comparte su experiencia al terminar la Winter Spine Race, una de las carreras ultra m\u00e1s duras del mundo, enfrent\u00e1ndose al fr\u00edo extremo, a la privaci\u00f3n de sue\u00f1o y a un terreno implacable.\" \/>\n<meta property=\"og:url\" content=\"https:\/\/trailrunadvisor.com\/es\/winter-spine-race-antonio-codina-habla-sobre-la-finalizacion-de-una-de-las-carreras-ultra-mas-duras-del-mundo\/\" \/>\n<meta property=\"og:site_name\" content=\"Trail Run Advisor\" \/>\n<meta property=\"article:publisher\" content=\"https:\/\/www.facebook.com\/profile.php?id=61554747731790&amp;mibextid=9R9pXO\" \/>\n<meta property=\"article:published_time\" content=\"2026-01-05T09:28:16+00:00\" \/>\n<meta property=\"article:modified_time\" content=\"2026-02-27T22:28:06+00:00\" \/>\n<meta property=\"og:image\" content=\"https:\/\/trailrunadvisor.com\/wp-content\/uploads\/2026\/01\/33315.jpg\" \/>\n\t<meta property=\"og:image:width\" content=\"2048\" \/>\n\t<meta property=\"og:image:height\" content=\"1365\" \/>\n\t<meta property=\"og:image:type\" content=\"image\/jpeg\" \/>\n<meta name=\"author\" content=\"Lucian\" \/>\n<meta name=\"twitter:card\" content=\"summary_large_image\" \/>\n<meta name=\"twitter:label1\" content=\"Escrito por\" \/>\n\t<meta name=\"twitter:data1\" content=\"Lucian\" \/>\n\t<meta name=\"twitter:label2\" content=\"Tiempo de lectura\" \/>\n\t<meta name=\"twitter:data2\" content=\"10 minutos\" \/>\n<!-- \/ Yoast SEO plugin. -->","yoast_head_json":{"title":"Winter Spine Race: Antonio Codina habla sobre la finalizaci\u00f3n de una de las carreras ultra m\u00e1s duras del mundo","description":"Antonio Codina comparte su experiencia al terminar la Winter Spine Race, una de las carreras ultra m\u00e1s duras del mundo, enfrent\u00e1ndose al fr\u00edo extremo, a la privaci\u00f3n de sue\u00f1o y a un terreno implacable.","robots":{"index":"index","follow":"follow","max-snippet":"max-snippet:-1","max-image-preview":"max-image-preview:large","max-video-preview":"max-video-preview:-1"},"canonical":"https:\/\/trailrunadvisor.com\/es\/winter-spine-race-antonio-codina-habla-sobre-la-finalizacion-de-una-de-las-carreras-ultra-mas-duras-del-mundo\/","og_locale":"es_ES","og_type":"article","og_title":"Winter Spine Race: Antonio Codina habla sobre la finalizaci\u00f3n de una de las carreras ultra m\u00e1s duras del mundo","og_description":"Antonio Codina comparte su experiencia al terminar la Winter Spine Race, una de las carreras ultra m\u00e1s duras del mundo, enfrent\u00e1ndose al fr\u00edo extremo, a la privaci\u00f3n de sue\u00f1o y a un terreno implacable.","og_url":"https:\/\/trailrunadvisor.com\/es\/winter-spine-race-antonio-codina-habla-sobre-la-finalizacion-de-una-de-las-carreras-ultra-mas-duras-del-mundo\/","og_site_name":"Trail Run Advisor","article_publisher":"https:\/\/www.facebook.com\/profile.php?id=61554747731790&mibextid=9R9pXO","article_published_time":"2026-01-05T09:28:16+00:00","article_modified_time":"2026-02-27T22:28:06+00:00","og_image":[{"width":2048,"height":1365,"url":"https:\/\/trailrunadvisor.com\/wp-content\/uploads\/2026\/01\/33315.jpg","type":"image\/jpeg"}],"author":"Lucian","twitter_card":"summary_large_image","twitter_misc":{"Escrito por":"Lucian","Tiempo de lectura":"10 minutos"},"schema":{"@context":"https:\/\/schema.org","@graph":[{"@type":"Article","@id":"https:\/\/trailrunadvisor.com\/es\/winter-spine-race-antonio-codina-habla-sobre-la-finalizacion-de-una-de-las-carreras-ultra-mas-duras-del-mundo\/#article","isPartOf":{"@id":"https:\/\/trailrunadvisor.com\/es\/winter-spine-race-antonio-codina-habla-sobre-la-finalizacion-de-una-de-las-carreras-ultra-mas-duras-del-mundo\/"},"author":{"name":"Lucian","@id":"https:\/\/trailrunadvisor.com\/es\/#\/schema\/person\/91a7a82943782a999397dc51612d3ccd"},"headline":"Winter Spine Race: Antonio Codina habla sobre la finalizaci\u00f3n de una de las carreras ultra m\u00e1s duras del mundo","datePublished":"2026-01-05T09:28:16+00:00","dateModified":"2026-02-27T22:28:06+00:00","mainEntityOfPage":{"@id":"https:\/\/trailrunadvisor.com\/es\/winter-spine-race-antonio-codina-habla-sobre-la-finalizacion-de-una-de-las-carreras-ultra-mas-duras-del-mundo\/"},"wordCount":2082,"publisher":{"@id":"https:\/\/trailrunadvisor.com\/es\/#organization"},"image":{"@id":"https:\/\/trailrunadvisor.com\/es\/winter-spine-race-antonio-codina-habla-sobre-la-finalizacion-de-una-de-las-carreras-ultra-mas-duras-del-mundo\/#primaryimage"},"thumbnailUrl":"https:\/\/trailrunadvisor.com\/wp-content\/uploads\/2026\/01\/33315.jpg","inLanguage":"es"},{"@type":"WebPage","@id":"https:\/\/trailrunadvisor.com\/es\/winter-spine-race-antonio-codina-habla-sobre-la-finalizacion-de-una-de-las-carreras-ultra-mas-duras-del-mundo\/","url":"https:\/\/trailrunadvisor.com\/es\/winter-spine-race-antonio-codina-habla-sobre-la-finalizacion-de-una-de-las-carreras-ultra-mas-duras-del-mundo\/","name":"Winter Spine Race: Antonio Codina habla sobre la finalizaci\u00f3n de una de las carreras ultra m\u00e1s duras del mundo","isPartOf":{"@id":"https:\/\/trailrunadvisor.com\/es\/#website"},"primaryImageOfPage":{"@id":"https:\/\/trailrunadvisor.com\/es\/winter-spine-race-antonio-codina-habla-sobre-la-finalizacion-de-una-de-las-carreras-ultra-mas-duras-del-mundo\/#primaryimage"},"image":{"@id":"https:\/\/trailrunadvisor.com\/es\/winter-spine-race-antonio-codina-habla-sobre-la-finalizacion-de-una-de-las-carreras-ultra-mas-duras-del-mundo\/#primaryimage"},"thumbnailUrl":"https:\/\/trailrunadvisor.com\/wp-content\/uploads\/2026\/01\/33315.jpg","datePublished":"2026-01-05T09:28:16+00:00","dateModified":"2026-02-27T22:28:06+00:00","description":"Antonio Codina comparte su experiencia al terminar la Winter Spine Race, una de las carreras ultra m\u00e1s duras del mundo, enfrent\u00e1ndose al fr\u00edo extremo, a la privaci\u00f3n de sue\u00f1o y a un terreno implacable.","breadcrumb":{"@id":"https:\/\/trailrunadvisor.com\/es\/winter-spine-race-antonio-codina-habla-sobre-la-finalizacion-de-una-de-las-carreras-ultra-mas-duras-del-mundo\/#breadcrumb"},"inLanguage":"es","potentialAction":[{"@type":"ReadAction","target":["https:\/\/trailrunadvisor.com\/es\/winter-spine-race-antonio-codina-habla-sobre-la-finalizacion-de-una-de-las-carreras-ultra-mas-duras-del-mundo\/"]}]},{"@type":"ImageObject","inLanguage":"es","@id":"https:\/\/trailrunadvisor.com\/es\/winter-spine-race-antonio-codina-habla-sobre-la-finalizacion-de-una-de-las-carreras-ultra-mas-duras-del-mundo\/#primaryimage","url":"https:\/\/trailrunadvisor.com\/wp-content\/uploads\/2026\/01\/33315.jpg","contentUrl":"https:\/\/trailrunadvisor.com\/wp-content\/uploads\/2026\/01\/33315.jpg"},{"@type":"BreadcrumbList","@id":"https:\/\/trailrunadvisor.com\/es\/winter-spine-race-antonio-codina-habla-sobre-la-finalizacion-de-una-de-las-carreras-ultra-mas-duras-del-mundo\/#breadcrumb","itemListElement":[{"@type":"ListItem","position":1,"name":"Home","item":"https:\/\/trailrunadvisor.com\/es\/"},{"@type":"ListItem","position":2,"name":"Winter Spine Race: Antonio Codina habla sobre la finalizaci\u00f3n de una de las carreras ultra m\u00e1s duras del mundo"}]},{"@type":"WebSite","@id":"https:\/\/trailrunadvisor.com\/es\/#website","url":"https:\/\/trailrunadvisor.com\/es\/","name":"Trail Run Advisor","description":"","publisher":{"@id":"https:\/\/trailrunadvisor.com\/es\/#organization"},"potentialAction":[{"@type":"SearchAction","target":{"@type":"EntryPoint","urlTemplate":"https:\/\/trailrunadvisor.com\/es\/?s={search_term_string}"},"query-input":{"@type":"PropertyValueSpecification","valueRequired":true,"valueName":"search_term_string"}}],"inLanguage":"es"},{"@type":"Organization","@id":"https:\/\/trailrunadvisor.com\/es\/#organization","name":"Trail Run Advisor","url":"https:\/\/trailrunadvisor.com\/es\/","logo":{"@type":"ImageObject","inLanguage":"es","@id":"https:\/\/trailrunadvisor.com\/es\/#\/schema\/logo\/image\/","url":"https:\/\/trailrunadvisor.com\/wp-content\/uploads\/2023\/12\/logo-trailrunadvisor.png","contentUrl":"https:\/\/trailrunadvisor.com\/wp-content\/uploads\/2023\/12\/logo-trailrunadvisor.png","width":613,"height":80,"caption":"Trail Run Advisor"},"image":{"@id":"https:\/\/trailrunadvisor.com\/es\/#\/schema\/logo\/image\/"},"sameAs":["https:\/\/www.facebook.com\/profile.php?id=61554747731790&mibextid=9R9pXO","https:\/\/www.instagram.com\/trailrunadvisor\/"]},{"@type":"Person","@id":"https:\/\/trailrunadvisor.com\/es\/#\/schema\/person\/91a7a82943782a999397dc51612d3ccd","name":"Lucian","image":{"@type":"ImageObject","inLanguage":"es","@id":"https:\/\/trailrunadvisor.com\/es\/#\/schema\/person\/image\/","url":"https:\/\/trailrunadvisor.com\/wp-content\/uploads\/2025\/06\/cropped-Lucian-96x96.jpg","contentUrl":"https:\/\/trailrunadvisor.com\/wp-content\/uploads\/2025\/06\/cropped-Lucian-96x96.jpg","caption":"Lucian"},"sameAs":["https:\/\/trailrunadvisor.com\/lucian\/","https:\/\/www.instagram.com\/trailrunadvisor\/"]}]}},"_links":{"self":[{"href":"https:\/\/trailrunadvisor.com\/es\/wp-json\/wp\/v2\/posts\/16303","targetHints":{"allow":["GET"]}}],"collection":[{"href":"https:\/\/trailrunadvisor.com\/es\/wp-json\/wp\/v2\/posts"}],"about":[{"href":"https:\/\/trailrunadvisor.com\/es\/wp-json\/wp\/v2\/types\/post"}],"author":[{"embeddable":true,"href":"https:\/\/trailrunadvisor.com\/es\/wp-json\/wp\/v2\/users\/6"}],"replies":[{"embeddable":true,"href":"https:\/\/trailrunadvisor.com\/es\/wp-json\/wp\/v2\/comments?post=16303"}],"version-history":[{"count":4,"href":"https:\/\/trailrunadvisor.com\/es\/wp-json\/wp\/v2\/posts\/16303\/revisions"}],"predecessor-version":[{"id":17457,"href":"https:\/\/trailrunadvisor.com\/es\/wp-json\/wp\/v2\/posts\/16303\/revisions\/17457"}],"wp:attachment":[{"href":"https:\/\/trailrunadvisor.com\/es\/wp-json\/wp\/v2\/media?parent=16303"}],"wp:term":[{"taxonomy":"categories","embeddable":true,"href":"https:\/\/trailrunadvisor.com\/es\/wp-json\/wp\/v2\/category?post=16303"},{"taxonomy":"tags","embeddable":true,"href":"https:\/\/trailrunadvisor.com\/es\/wp-json\/wp\/v2\/tag?post=16303"}],"curies":[{"name":"wp","href":"https:\/\/api.w.org\/{rel}","templated":true}]}}