{"id":6264,"date":"2024-02-20T11:11:31","date_gmt":"2024-02-20T10:11:31","guid":{"rendered":"https:\/\/trailrunadvisor.com\/?p=6264"},"modified":"2025-06-18T16:17:23","modified_gmt":"2025-06-18T14:17:23","slug":"golden-trail-series-calendar-2023","status":"publish","type":"post","link":"https:\/\/trailrunadvisor.com\/fr\/golden-trail-series-calendar-2023\/","title":{"rendered":"Golden Trail Series calendar 2024"},"content":{"rendered":"\t\t<div data-elementor-type=\"wp-post\" data-elementor-id=\"6264\" class=\"elementor elementor-6264\" data-elementor-post-type=\"post\">\n\t\t\t\t<div class=\"elementor-element elementor-element-2173e256 e-flex e-con-boxed e-con e-parent\" data-id=\"2173e256\" data-element_type=\"container\">\n\t\t\t\t\t<div class=\"e-con-inner\">\n\t\t<div class=\"elementor-element elementor-element-6f152d2a e-con-full e-flex e-con e-child\" data-id=\"6f152d2a\" data-element_type=\"container\">\n\t\t\t\t<div class=\"elementor-element elementor-element-5692068b elementor-widget elementor-widget-image\" data-id=\"5692068b\" data-element_type=\"widget\" data-widget_type=\"image.default\">\n\t\t\t\t<div class=\"elementor-widget-container\">\n\t\t\t\t\t\t\t\t\t\t\t\t\t\t\t<img fetchpriority=\"high\" decoding=\"async\" width=\"610\" height=\"416\" src=\"https:\/\/trailrunadvisor.com\/wp-content\/uploads\/2023\/12\/default-post.png\" class=\"attachment-full size-full wp-image-5896\" alt=\"\" srcset=\"https:\/\/trailrunadvisor.com\/wp-content\/uploads\/2023\/12\/default-post.png 610w, https:\/\/trailrunadvisor.com\/wp-content\/uploads\/2023\/12\/default-post-300x205.png 300w\" sizes=\"(max-width: 610px) 100vw, 610px\" \/>\t\t\t\t\t\t\t\t\t\t\t\t\t\t\t<\/div>\n\t\t\t\t<\/div>\n\t\t\t\t<div class=\"elementor-element elementor-element-a4e3698 elementor-widget elementor-widget-theme-post-title elementor-page-title elementor-widget-heading\" data-id=\"a4e3698\" data-element_type=\"widget\" data-widget_type=\"theme-post-title.default\">\n\t\t\t\t<div class=\"elementor-widget-container\">\n\t\t\t\t\t<h1 class=\"elementor-heading-title elementor-size-default\">Golden Trail Series calendar 2024<\/h1>\t\t\t\t<\/div>\n\t\t\t\t<\/div>\n\t\t\t\t<div class=\"elementor-element elementor-element-6a201ad8 elementor-align-center elementor-widget elementor-widget-post-info\" data-id=\"6a201ad8\" data-element_type=\"widget\" data-widget_type=\"post-info.default\">\n\t\t\t\t<div class=\"elementor-widget-container\">\n\t\t\t\t\t\t\t<ul class=\"elementor-inline-items elementor-icon-list-items elementor-post-info\">\n\t\t\t\t\t\t\t\t<li class=\"elementor-icon-list-item elementor-repeater-item-5d790ac elementor-inline-item\" itemprop=\"datePublished\">\n\t\t\t\t\t\t\t\t\t\t\t\t\t<span class=\"elementor-icon-list-text elementor-post-info__item elementor-post-info__item--type-date\">\n\t\t\t\t\t\t\t\t\t\t<time>f\u00e9vrier 20, 2024<\/time>\t\t\t\t\t<\/span>\n\t\t\t\t\t\t\t\t<\/li>\n\t\t\t\t<\/ul>\n\t\t\t\t\t\t<\/div>\n\t\t\t\t<\/div>\n\t\t\t\t<div class=\"elementor-element elementor-element-5bd69b5b elementor-widget elementor-widget-text-editor\" data-id=\"5bd69b5b\" data-element_type=\"widget\" data-widget_type=\"text-editor.default\">\n\t\t\t\t<div class=\"elementor-widget-container\">\n\t\t\t\t\t\t\t\t\t<p class=\"MsoNormal\" style=\"margin: 0cm 0cm 0cm 72pt; text-indent: -18pt; line-height: normal; background-image: initial; background-position: initial; background-size: initial; background-repeat: initial; background-attachment: initial; background-origin: initial; background-clip: initial;\"><span lang=\"EN-GB\" style=\"font-size:10.0pt;mso-bidi-font-size:12.0pt;font-family:Symbol;\nmso-fareast-font-family:Symbol;mso-bidi-font-family:Symbol;color:#1C212B;\nmso-font-kerning:0pt;mso-ligatures:none;mso-ansi-language:EN-GB;mso-fareast-language:\nFR\">\u00b7<span style=\"font-variant-numeric: normal; font-variant-east-asian: normal; font-variant-alternates: normal; font-kerning: auto; font-optical-sizing: auto; font-feature-settings: normal; font-variation-settings: normal; font-variant-position: normal; font-stretch: normal; font-size: 7pt; line-height: normal; font-family: &quot;Times New Roman&quot;;\">&nbsp;&nbsp;&nbsp;&nbsp;&nbsp;&nbsp;\n<\/span><\/span><span lang=\"EN-GB\" style=\"font-size:12.0pt;\nmso-fareast-font-family:&quot;Times New Roman&quot;;mso-bidi-font-family:Calibri;\nmso-bidi-theme-font:minor-latin;color:#1C212B;mso-font-kerning:0pt;mso-ligatures:\nnone;mso-ansi-language:EN-GB;mso-fareast-language:FR\">20th&nbsp;April: Kobe\nTrail \u2013 Women\u2019s race&nbsp;\u2013 21km\/1,615m V+ \u2013 Kobe, Japan.<o:p><\/o:p><\/span><\/p><p class=\"MsoNormal\" style=\"margin: 0cm 0cm 0cm 72pt; text-indent: -18pt; line-height: normal; background-image: initial; background-position: initial; background-size: initial; background-repeat: initial; background-attachment: initial; background-origin: initial; background-clip: initial;\"><span lang=\"EN-GB\" style=\"font-size:10.0pt;mso-bidi-font-size:12.0pt;font-family:Symbol;\nmso-fareast-font-family:Symbol;mso-bidi-font-family:Symbol;color:#1C212B;\nmso-font-kerning:0pt;mso-ligatures:none;mso-ansi-language:EN-GB;mso-fareast-language:\nFR\">\u00b7<span style=\"font-variant-numeric: normal; font-variant-east-asian: normal; font-variant-alternates: normal; font-kerning: auto; font-optical-sizing: auto; font-feature-settings: normal; font-variation-settings: normal; font-variant-position: normal; font-stretch: normal; font-size: 7pt; line-height: normal; font-family: &quot;Times New Roman&quot;;\">&nbsp;&nbsp;&nbsp;&nbsp;&nbsp;&nbsp;\n<\/span><\/span><span lang=\"EN-GB\" style=\"font-size:12.0pt;\nmso-fareast-font-family:&quot;Times New Roman&quot;;mso-bidi-font-family:Calibri;\nmso-bidi-theme-font:minor-latin;color:#1C212B;mso-font-kerning:0pt;mso-ligatures:\nnone;mso-ansi-language:EN-GB;mso-fareast-language:FR\">21st&nbsp;April: Kobe\nTrail \u2013 Men\u2019s race&nbsp;\u2013 21km\/1,615m V+ \u2013 Kobe, Japan&nbsp;<o:p><\/o:p><\/span><\/p><p class=\"MsoNormal\" style=\"margin: 0cm 0cm 0cm 72pt; text-indent: -18pt; line-height: normal; background-image: initial; background-position: initial; background-size: initial; background-repeat: initial; background-attachment: initial; background-origin: initial; background-clip: initial;\"><span lang=\"EN-GB\" style=\"font-size:10.0pt;mso-bidi-font-size:12.0pt;font-family:Symbol;\nmso-fareast-font-family:Symbol;mso-bidi-font-family:Symbol;color:#1C212B;\nmso-font-kerning:0pt;mso-ligatures:none;mso-ansi-language:EN-GB;mso-fareast-language:\nFR\">\u00b7<span style=\"font-variant-numeric: normal; font-variant-east-asian: normal; font-variant-alternates: normal; font-kerning: auto; font-optical-sizing: auto; font-feature-settings: normal; font-variation-settings: normal; font-variant-position: normal; font-stretch: normal; font-size: 7pt; line-height: normal; font-family: &quot;Times New Roman&quot;;\">&nbsp;&nbsp;&nbsp;&nbsp;&nbsp;&nbsp;\n<\/span><\/span><span lang=\"EN-GB\" style=\"font-size:12.0pt;\nmso-fareast-font-family:&quot;Times New Roman&quot;;mso-bidi-font-family:Calibri;\nmso-bidi-theme-font:minor-latin;color:#1C212B;mso-font-kerning:0pt;mso-ligatures:\nnone;mso-ansi-language:EN-GB;mso-fareast-language:FR\">27th&nbsp;April: Four\nGirls Mountain Trail&nbsp;\u2013 21km\/1,423 m V+ \u2013 Sichuan, China.<o:p><\/o:p><\/span><\/p><p class=\"MsoNormal\" style=\"margin: 0cm 0cm 0cm 72pt; text-indent: -18pt; line-height: normal; background-image: initial; background-position: initial; background-size: initial; background-repeat: initial; background-attachment: initial; background-origin: initial; background-clip: initial;\"><span lang=\"EN-GB\" style=\"font-size:10.0pt;mso-bidi-font-size:12.0pt;font-family:Symbol;\nmso-fareast-font-family:Symbol;mso-bidi-font-family:Symbol;color:#1C212B;\nmso-font-kerning:0pt;mso-ligatures:none;mso-ansi-language:EN-GB;mso-fareast-language:\nFR\">\u00b7<span style=\"font-variant-numeric: normal; font-variant-east-asian: normal; font-variant-alternates: normal; font-kerning: auto; font-optical-sizing: auto; font-feature-settings: normal; font-variation-settings: normal; font-variant-position: normal; font-stretch: normal; font-size: 7pt; line-height: normal; font-family: &quot;Times New Roman&quot;;\">&nbsp;&nbsp;&nbsp;&nbsp;&nbsp;&nbsp;\n<\/span><\/span><span lang=\"EN-GB\" style=\"font-size:12.0pt;\nmso-fareast-font-family:&quot;Times New Roman&quot;;mso-bidi-font-family:Calibri;\nmso-bidi-theme-font:minor-latin;color:#1C212B;mso-font-kerning:0pt;mso-ligatures:\nnone;mso-ansi-language:EN-GB;mso-fareast-language:FR\">26th&nbsp;May:\nZegama-Aizkorri&nbsp;\u2013 42km\/2,736 m V+ \u2013 Zegama, Spain.<o:p><\/o:p><\/span><\/p><p class=\"MsoNormal\" style=\"margin: 0cm 0cm 0cm 72pt; text-indent: -18pt; line-height: normal; background-image: initial; background-position: initial; background-size: initial; background-repeat: initial; background-attachment: initial; background-origin: initial; background-clip: initial;\"><span lang=\"EN-GB\" style=\"font-size:10.0pt;mso-bidi-font-size:12.0pt;font-family:Symbol;\nmso-fareast-font-family:Symbol;mso-bidi-font-family:Symbol;color:#1C212B;\nmso-font-kerning:0pt;mso-ligatures:none;mso-ansi-language:EN-GB;mso-fareast-language:\nFR\">\u00b7<span style=\"font-variant-numeric: normal; font-variant-east-asian: normal; font-variant-alternates: normal; font-kerning: auto; font-optical-sizing: auto; font-feature-settings: normal; font-variation-settings: normal; font-variant-position: normal; font-stretch: normal; font-size: 7pt; line-height: normal; font-family: &quot;Times New Roman&quot;;\">&nbsp;&nbsp;&nbsp;&nbsp;&nbsp;&nbsp;\n<\/span><\/span><span lang=\"EN-GB\" style=\"font-size:12.0pt;\nmso-fareast-font-family:&quot;Times New Roman&quot;;mso-bidi-font-family:Calibri;\nmso-bidi-theme-font:minor-latin;color:#1C212B;mso-font-kerning:0pt;mso-ligatures:\nnone;mso-ansi-language:EN-GB;mso-fareast-language:FR\">30th&nbsp;June: Marathon\ndu Mont-Blanc&nbsp;\u2013 42km\/2,540 m V+ \u2013 Chamonix, France.&nbsp;<o:p><\/o:p><\/span><\/p><p class=\"MsoNormal\" style=\"margin: 0cm 0cm 0cm 72pt; text-indent: -18pt; line-height: normal; background-image: initial; background-position: initial; background-size: initial; background-repeat: initial; background-attachment: initial; background-origin: initial; background-clip: initial;\"><span lang=\"EN-GB\" style=\"font-size:10.0pt;mso-bidi-font-size:12.0pt;font-family:Symbol;\nmso-fareast-font-family:Symbol;mso-bidi-font-family:Symbol;color:#1C212B;\nmso-font-kerning:0pt;mso-ligatures:none;mso-ansi-language:EN-GB;mso-fareast-language:\nFR\">\u00b7<span style=\"font-variant-numeric: normal; font-variant-east-asian: normal; font-variant-alternates: normal; font-kerning: auto; font-optical-sizing: auto; font-feature-settings: normal; font-variation-settings: normal; font-variant-position: normal; font-stretch: normal; font-size: 7pt; line-height: normal; font-family: &quot;Times New Roman&quot;;\">&nbsp;&nbsp;&nbsp;&nbsp;&nbsp;&nbsp;\n<\/span><\/span><span lang=\"EN-GB\" style=\"font-size:12.0pt;\nmso-fareast-font-family:&quot;Times New Roman&quot;;mso-bidi-font-family:Calibri;\nmso-bidi-theme-font:minor-latin;color:#1C212B;mso-font-kerning:0pt;mso-ligatures:\nnone;mso-ansi-language:EN-GB;mso-fareast-language:FR\">10th&nbsp;August:\nSierre-Zinal&nbsp;\u2013 31km\/2,200 m V+ \u2013 Sierre, Switzerland.&nbsp;<o:p><\/o:p><\/span><\/p><p class=\"MsoNormal\" style=\"margin: 0cm 0cm 0cm 72pt; text-indent: -18pt; line-height: normal; background-image: initial; background-position: initial; background-size: initial; background-repeat: initial; background-attachment: initial; background-origin: initial; background-clip: initial;\"><span lang=\"EN-GB\" style=\"font-size:10.0pt;mso-bidi-font-size:12.0pt;font-family:Symbol;\nmso-fareast-font-family:Symbol;mso-bidi-font-family:Symbol;color:#1C212B;\nmso-font-kerning:0pt;mso-ligatures:none;mso-ansi-language:EN-GB;mso-fareast-language:\nFR\">\u00b7<span style=\"font-variant-numeric: normal; font-variant-east-asian: normal; font-variant-alternates: normal; font-kerning: auto; font-optical-sizing: auto; font-feature-settings: normal; font-variation-settings: normal; font-variant-position: normal; font-stretch: normal; font-size: 7pt; line-height: normal; font-family: &quot;Times New Roman&quot;;\">&nbsp;&nbsp;&nbsp;&nbsp;&nbsp;&nbsp;\n<\/span><\/span><span lang=\"EN-GB\" style=\"font-size:12.0pt;\nmso-fareast-font-family:&quot;Times New Roman&quot;;mso-bidi-font-family:Calibri;\nmso-bidi-theme-font:minor-latin;color:#1C212B;mso-font-kerning:0pt;mso-ligatures:\nnone;mso-ansi-language:EN-GB;mso-fareast-language:FR\">17th&nbsp;August: Tatra\nSky Marathon&nbsp;\u2013 28km\/1,770 m V+ \u2013 Ko\u015bcielisko, Poland.<o:p><\/o:p><\/span><\/p><p class=\"MsoNormal\" style=\"margin: 0cm 0cm 0cm 72pt; text-indent: -18pt; line-height: normal; background-image: initial; background-position: initial; background-size: initial; background-repeat: initial; background-attachment: initial; background-origin: initial; background-clip: initial;\"><span lang=\"EN-GB\" style=\"font-size:10.0pt;mso-bidi-font-size:12.0pt;font-family:Symbol;\nmso-fareast-font-family:Symbol;mso-bidi-font-family:Symbol;color:#1C212B;\nmso-font-kerning:0pt;mso-ligatures:none;mso-ansi-language:EN-GB;mso-fareast-language:\nFR\">\u00b7<span style=\"font-variant-numeric: normal; font-variant-east-asian: normal; font-variant-alternates: normal; font-kerning: auto; font-optical-sizing: auto; font-feature-settings: normal; font-variation-settings: normal; font-variant-position: normal; font-stretch: normal; font-size: 7pt; line-height: normal; font-family: &quot;Times New Roman&quot;;\">&nbsp;&nbsp;&nbsp;&nbsp;&nbsp;&nbsp;\n<\/span><\/span><span lang=\"EN-GB\" style=\"font-size:12.0pt;\nmso-fareast-font-family:&quot;Times New Roman&quot;;mso-bidi-font-family:Calibri;\nmso-bidi-theme-font:minor-latin;color:#1C212B;mso-font-kerning:0pt;mso-ligatures:\nnone;mso-ansi-language:EN-GB;mso-fareast-language:FR\">14th&nbsp;September:\nHeadlands \u2013 Women\u2019s race&nbsp;\u2013 28km\/1,304 m V+ \u2013 Marin County, USA.<o:p><\/o:p><\/span><\/p><p class=\"MsoNormal\" style=\"margin: 0cm 0cm 0cm 72pt; text-indent: -18pt; line-height: normal; background-image: initial; background-position: initial; background-size: initial; background-repeat: initial; background-attachment: initial; background-origin: initial; background-clip: initial;\"><span lang=\"EN-GB\" style=\"font-size:10.0pt;mso-bidi-font-size:12.0pt;font-family:Symbol;\nmso-fareast-font-family:Symbol;mso-bidi-font-family:Symbol;color:#1C212B;\nmso-font-kerning:0pt;mso-ligatures:none;mso-ansi-language:EN-GB;mso-fareast-language:\nFR\">\u00b7<span style=\"font-variant-numeric: normal; font-variant-east-asian: normal; font-variant-alternates: normal; font-kerning: auto; font-optical-sizing: auto; font-feature-settings: normal; font-variation-settings: normal; font-variant-position: normal; font-stretch: normal; font-size: 7pt; line-height: normal; font-family: &quot;Times New Roman&quot;;\">&nbsp;&nbsp;&nbsp;&nbsp;&nbsp;&nbsp;\n<\/span><\/span><span lang=\"EN-GB\" style=\"font-size:12.0pt;\nmso-fareast-font-family:&quot;Times New Roman&quot;;mso-bidi-font-family:Calibri;\nmso-bidi-theme-font:minor-latin;color:#1C212B;mso-font-kerning:0pt;mso-ligatures:\nnone;mso-ansi-language:EN-GB;mso-fareast-language:FR\">15th&nbsp;September:\nHeadlands \u2013 Men\u2019s race&nbsp;\u2013 28km\/1,304 m V+ \u2013 Marin County, USA.<o:p><\/o:p><\/span><\/p><p>\n\n\n\n\n\n\n\n\n\n\n\n\n\n\n\n\n\n<span lang=\"EN-GB\" style=\"font-size:12.0pt;line-height:107%;font-family:&quot;Calibri&quot;,sans-serif;\nmso-ascii-theme-font:minor-latin;mso-fareast-font-family:&quot;Times New Roman&quot;;\nmso-hansi-theme-font:minor-latin;mso-bidi-theme-font:minor-latin;color:#1C212B;\nmso-font-kerning:0pt;mso-ligatures:none;mso-ansi-language:EN-GB;mso-fareast-language:\nFR;mso-bidi-language:AR-SA\">22nd&nbsp;September: Mammoth Trail Fest&nbsp;\u2013\n26km\/1,250m V+ \u2013 Mammoth Lakes, USA.<\/span><br><\/p>\t\t\t\t\t\t\t\t<\/div>\n\t\t\t\t<\/div>\n\t\t\t\t<\/div>\n\t\t<div class=\"elementor-element elementor-element-1a65472b e-con-full e-flex e-con e-child\" data-id=\"1a65472b\" data-element_type=\"container\">\n\t\t\t\t<div class=\"elementor-element elementor-element-7f9b745 elementor-grid-1 elementor-grid-laptop-1 elementor-posts--align-center elementor-grid-tablet-2 elementor-grid-mobile-1 elementor-posts--thumbnail-top elementor-widget elementor-widget-posts\" data-id=\"7f9b745\" data-element_type=\"widget\" data-settings=\"{&quot;classic_columns&quot;:&quot;1&quot;,&quot;classic_columns_laptop&quot;:&quot;1&quot;,&quot;classic_row_gap&quot;:{&quot;unit&quot;:&quot;px&quot;,&quot;size&quot;:20,&quot;sizes&quot;:[]},&quot;classic_columns_tablet&quot;:&quot;2&quot;,&quot;classic_columns_mobile&quot;:&quot;1&quot;,&quot;classic_row_gap_laptop&quot;:{&quot;unit&quot;:&quot;px&quot;,&quot;size&quot;:&quot;&quot;,&quot;sizes&quot;:[]},&quot;classic_row_gap_tablet&quot;:{&quot;unit&quot;:&quot;px&quot;,&quot;size&quot;:&quot;&quot;,&quot;sizes&quot;:[]},&quot;classic_row_gap_mobile&quot;:{&quot;unit&quot;:&quot;px&quot;,&quot;size&quot;:&quot;&quot;,&quot;sizes&quot;:[]}}\" data-widget_type=\"posts.classic\">\n\t\t\t\t<div class=\"elementor-widget-container\">\n\t\t\t\t\t\t\t<div class=\"elementor-posts-container elementor-posts elementor-posts--skin-classic elementor-grid\" role=\"list\">\n\t\t\t\t<article class=\"elementor-post elementor-grid-item post-18910 post type-post status-publish format-standard hentry categories-interviews-fr categories-nouvelles\" role=\"listitem\">\n\t\t\t\t<div class=\"elementor-post__text\">\n\t\t\t\t<h3 class=\"elementor-post__title\">\n\t\t\t<a href=\"https:\/\/trailrunadvisor.com\/fr\/interview-grand-trail-des-cadourques\/\" >\n\t\t\t\tInterview &#8211; Grand Trail des Cadourques\t\t\t<\/a>\n\t\t<\/h3>\n\t\t\t\t<div class=\"elementor-post__meta-data\">\n\t\t\t\t\t<span class=\"elementor-post-date\">\n\t\t\t20 avril 2026\t\t<\/span>\n\t\t\t\t<\/div>\n\t\t\t\t<div class=\"elementor-post__excerpt\">\n\t\t\t<p>Le Grand Trail des Cadourques s&#8217;est rapidement impos\u00e9e comme un \u00e9v\u00e9nement incontournable du calendrier fran\u00e7ais de trail running d\u00e8s sa premi\u00e8re \u00e9dition. Avec une note exceptionnelle de 4,7\/5 bas\u00e9e sur les commentaires des coureurs, la course a d\u00e9j\u00e0 obtenu le label Course la mieux not\u00e9e badge sur TrailRunAdvisor. Une organisation lou\u00e9e, des b\u00e9n\u00e9voles remarquables, des postes de secours exceptionnels, un parcours spectaculaire dans la vall\u00e9e du Lot : les commentaires sont unanimes. Derri\u00e8re ce succ\u00e8s se trouve une \u00e9quipe anim\u00e9e par la passion. Nous nous sommes entretenus avec Gilles Cluzet, pr\u00e9sident de la Extrapedestre 46 et le moteur de cette premi\u00e8re \u00e9dition remarquable, pour comprendre les cl\u00e9s de son succ\u00e8s et les ambitions pour l&#8217;avenir. Q1. Dans un calendrier de trail running d\u00e9j\u00e0 bien rempli,<\/p>\n\t\t<\/div>\n\t\t\n\t\t<a class=\"elementor-post__read-more\" href=\"https:\/\/trailrunadvisor.com\/fr\/interview-grand-trail-des-cadourques\/\" aria-label=\"En savoir plus sur Interview &#8211; Grand Trail des Cadourques\" tabindex=\"-1\" >\n\t\t\tRead More\t\t<\/a>\n\n\t\t\t\t<\/div>\n\t\t\t\t<\/article>\n\t\t\t\t<article class=\"elementor-post elementor-grid-item post-18905 post type-post status-publish format-standard hentry categories-top-rated-race\" role=\"listitem\">\n\t\t\t\t<div class=\"elementor-post__text\">\n\t\t\t\t<h3 class=\"elementor-post__title\">\n\t\t\t<a href=\"https:\/\/trailrunadvisor.com\/fr\/grand-trail-des-cadourques\/\" >\n\t\t\t\tGrand Trail des Cadourques\t\t\t<\/a>\n\t\t<\/h3>\n\t\t\t\t<div class=\"elementor-post__meta-data\">\n\t\t\t\t\t<span class=\"elementor-post-date\">\n\t\t\t20 avril 2026\t\t<\/span>\n\t\t\t\t<\/div>\n\t\t\t\t<div class=\"elementor-post__excerpt\">\n\t\t\t<p>1\u02b3\u1d49 edition Lieu : Cahors, FranceDistances : jusqu\u2019\u00e0 120 kmD\u00e9nivel\u00e9 : jusqu\u2019\u00e0 4 100 mMois : mars Pourquoi les coureurs l\u2019adorent: Le Grand Trail des Cadourques s\u2019est impos\u00e9 comme une course de trail tr\u00e8s bien not\u00e9e en France, gr\u00e2ce \u00e0 ses paysages, son organisation et l\u2019exp\u00e9rience globale de course Avis des coureurs : \u201cVous m\u2019avez r\u00e9gal\u00e9 pour mon 1er 68 km, un vrai bonheur, paysage magnifique.\u201d \u201cSuper organisation pour une premi\u00e8re et super rapport qualit\u00e9 prix et parcours.\u201d &#8220;Une organisation du tonnerre!\u201d \u201cUne course splendide avec un beau parcours et vraiment de tr\u00e8s belles choses \u00e0 voir\u201c \u201cDes points de vue magnifiques et une organisation digne de professionnels, surtout pour une premi\u00e8re \u00e9dition.\u201d \u201cMagnifique parcours, une organisation au top. Des ravitos et des b\u00e9n\u00e9voles premiums\u201d<\/p>\n\t\t<\/div>\n\t\t\n\t\t<a class=\"elementor-post__read-more\" href=\"https:\/\/trailrunadvisor.com\/fr\/grand-trail-des-cadourques\/\" aria-label=\"En savoir plus sur Grand Trail des Cadourques\" tabindex=\"-1\" >\n\t\t\tRead More\t\t<\/a>\n\n\t\t\t\t<\/div>\n\t\t\t\t<\/article>\n\t\t\t\t<article class=\"elementor-post elementor-grid-item post-18428 post type-post status-publish format-standard hentry categories-collaborations-fr categories-nouvelles\" role=\"listitem\">\n\t\t\t\t<div class=\"elementor-post__text\">\n\t\t\t\t<h3 class=\"elementor-post__title\">\n\t\t\t<a href=\"https:\/\/trailrunadvisor.com\/fr\/test-trailrunadvisor-merrell-agility-peak-6-la-chaussure-de-trail-polyvalente-par-excellence\/\" >\n\t\t\t\tTest TrailRunAdvisor : Merrell Agility Peak 6 &#8211; La chaussure de trail polyvalente par excellence ?\t\t\t<\/a>\n\t\t<\/h3>\n\t\t\t\t<div class=\"elementor-post__meta-data\">\n\t\t\t\t\t<span class=\"elementor-post-date\">\n\t\t\t18 avril 2026\t\t<\/span>\n\t\t\t\t<\/div>\n\t\t\t\t<div class=\"elementor-post__excerpt\">\n\t\t\t<p>Chez TrailRunAdvisor, nous testons le mat\u00e9riel de la seule mani\u00e8re qui compte : sur les sentiers, dans des conditions de course r\u00e9elles. Ces derni\u00e8res semaines, notre \u00e9quipe a test\u00e9 la Merrell Agility Peak 6 sur plusieurs courses de moins de 50 km, sur une grande vari\u00e9t\u00e9 de terrains : sentiers techniques, sections praticables, surfaces dures, et m\u00eame travers\u00e9es de rivi\u00e8res. Le verdict ? Une chaussure de trail polyvalente, fiable et performante, capable de s&#8217;adapter \u00e0 presque toutes les situations sans compromis sur le confort. TrailRunAdvisor Review &#8211; Test sur le terrain de la Merrell Agility Peak 6 Nous avons pos\u00e9 une question simple :Comment la Merrell Agility Peak 6 se comporte-t-elle dans des conditions r\u00e9elles d&#8217;utilisation ? Voici les principales informations \u00e0 retenir : Adh\u00e9rence<\/p>\n\t\t<\/div>\n\t\t\n\t\t<a class=\"elementor-post__read-more\" href=\"https:\/\/trailrunadvisor.com\/fr\/test-trailrunadvisor-merrell-agility-peak-6-la-chaussure-de-trail-polyvalente-par-excellence\/\" aria-label=\"En savoir plus sur Test TrailRunAdvisor : Merrell Agility Peak 6 &#8211; La chaussure de trail polyvalente par excellence ?\" tabindex=\"-1\" >\n\t\t\tRead More\t\t<\/a>\n\n\t\t\t\t<\/div>\n\t\t\t\t<\/article>\n\t\t\t\t<article class=\"elementor-post elementor-grid-item post-18293 post type-post status-publish format-standard has-post-thumbnail hentry categories-news\" role=\"listitem\">\n\t\t\t\t<a class=\"elementor-post__thumbnail__link\" href=\"https:\/\/trailrunadvisor.com\/fr\/5-trail-running-races-to-discover-in-may-lesser-known-races-across-europe\/\" tabindex=\"-1\" >\n\t\t\t<div class=\"elementor-post__thumbnail\"><img decoding=\"async\" width=\"300\" height=\"200\" src=\"https:\/\/trailrunadvisor.com\/wp-content\/uploads\/2026\/04\/2025-UTTN@xavierwaerzeggers-087-300x200.jpg\" class=\"attachment-medium size-medium wp-image-18295 not-transparent\" alt=\"trail running races in May\" data-has-transparency=\"false\" data-dominant-color=\"9b7357\" style=\"--dominant-color: #9b7357\" srcset=\"https:\/\/trailrunadvisor.com\/wp-content\/uploads\/2026\/04\/2025-UTTN@xavierwaerzeggers-087-300x200.jpg 300w, https:\/\/trailrunadvisor.com\/wp-content\/uploads\/2026\/04\/2025-UTTN@xavierwaerzeggers-087-1024x682.jpg 1024w, https:\/\/trailrunadvisor.com\/wp-content\/uploads\/2026\/04\/2025-UTTN@xavierwaerzeggers-087-768x512.jpg 768w, https:\/\/trailrunadvisor.com\/wp-content\/uploads\/2026\/04\/2025-UTTN@xavierwaerzeggers-087.jpg 1331w\" sizes=\"(max-width: 300px) 100vw, 300px\" \/><\/div>\n\t\t<\/a>\n\t\t\t\t<div class=\"elementor-post__text\">\n\t\t\t\t<h3 class=\"elementor-post__title\">\n\t\t\t<a href=\"https:\/\/trailrunadvisor.com\/fr\/5-trail-running-races-to-discover-in-may-lesser-known-races-across-europe\/\" >\n\t\t\t\t5 trail running races to discover in May: lesser-known races across Europe\t\t\t<\/a>\n\t\t<\/h3>\n\t\t\t\t<div class=\"elementor-post__meta-data\">\n\t\t\t\t\t<span class=\"elementor-post-date\">\n\t\t\t16 avril 2026\t\t<\/span>\n\t\t\t\t<\/div>\n\t\t\t\t<div class=\"elementor-post__excerpt\">\n\t\t\t<p>credit @UTTN \u2013 Xavier Waerzeggers Looking for your next trail running adventure this spring? While the biggest races sell out months in advance, Europe still offers a selection of lesser-known trail running races that deliver equally powerful experiences. From remote mountain regions to volcanic islands, these races combine technical terrain, authentic atmospheres, and unique landscapes without the crowds. Here are five trail races in May that deserve your attention. Transylvania 100 \u2014 Romania Set in the Carpathian Mountains, Transylvania 100 is one of the most distinctive trail running races in Eastern Europe. The course features steep climbs, technical sections, and forested trails, all set within a landscape shaped by history and legend. One of the highlights is the proximity to Bran Castle, adding a unique<\/p>\n\t\t<\/div>\n\t\t\n\t\t<a class=\"elementor-post__read-more\" href=\"https:\/\/trailrunadvisor.com\/fr\/5-trail-running-races-to-discover-in-may-lesser-known-races-across-europe\/\" aria-label=\"En savoir plus sur 5 trail running races to discover in May: lesser-known races across Europe\" tabindex=\"-1\" >\n\t\t\tRead More\t\t<\/a>\n\n\t\t\t\t<\/div>\n\t\t\t\t<\/article>\n\t\t\t\t<\/div>\n\t\t\n\t\t\t\t\t\t<\/div>\n\t\t\t\t<\/div>\n\t\t\t\t<\/div>\n\t\t\t\t\t<\/div>\n\t\t\t\t<\/div>\n\t\t\t\t<\/div>\n\t\t","protected":false},"excerpt":{"rendered":"<p>\u00b7 20th\u00a0April: Kobe Trail \u2013 Women\u2019s race\u00a0\u2013 21km\/1,615m V+ \u2013 Kobe, Japan. \u00b7 21st\u00a0April: Kobe Trail \u2013 Men\u2019s race\u00a0\u2013 21km\/1,615m V+ \u2013 Kobe, Japan \u00b7 27th\u00a0April: Four Girls Mountain Trail\u00a0\u2013 21km\/1,423 m V+ \u2013 Sichuan, China. \u00b7 26th\u00a0May: Zegama-Aizkorri\u00a0\u2013 42km\/2,736 m V+ \u2013 Zegama, Spain. \u00b7 30th\u00a0June: Marathon du Mont-Blanc\u00a0\u2013 42km\/2,540 m V+ \u2013 Chamonix, [&hellip;]<\/p>\n","protected":false},"author":6,"featured_media":5896,"comment_status":"closed","ping_status":"closed","sticky":false,"template":"","format":"standard","meta":{"_acf_changed":false,"footnotes":""},"category":[139],"tag":[],"class_list":["post-6264","post","type-post","status-publish","format-standard","has-post-thumbnail","hentry","categories-news"],"acf":[],"yoast_head":"<!-- This site is optimized with the Yoast SEO plugin v26.8 - https:\/\/yoast.com\/product\/yoast-seo-wordpress\/ -->\n<title>Golden Trail Series calendar 2024 - Trail Run Advisor<\/title>\n<meta name=\"robots\" content=\"index, follow, max-snippet:-1, max-image-preview:large, max-video-preview:-1\" \/>\n<link rel=\"canonical\" href=\"https:\/\/trailrunadvisor.com\/fr\/golden-trail-series-calendar-2023\/\" \/>\n<meta property=\"og:locale\" content=\"fr_FR\" \/>\n<meta property=\"og:type\" content=\"article\" \/>\n<meta property=\"og:title\" content=\"Golden Trail Series calendar 2024 - Trail Run Advisor\" \/>\n<meta property=\"og:description\" content=\"\u00b7 20th\u00a0April: Kobe Trail \u2013 Women\u2019s race\u00a0\u2013 21km\/1,615m V+ \u2013 Kobe, Japan. \u00b7 21st\u00a0April: Kobe Trail \u2013 Men\u2019s race\u00a0\u2013 21km\/1,615m V+ \u2013 Kobe, Japan \u00b7 27th\u00a0April: Four Girls Mountain Trail\u00a0\u2013 21km\/1,423 m V+ \u2013 Sichuan, China. \u00b7 26th\u00a0May: Zegama-Aizkorri\u00a0\u2013 42km\/2,736 m V+ \u2013 Zegama, Spain. \u00b7 30th\u00a0June: Marathon du Mont-Blanc\u00a0\u2013 42km\/2,540 m V+ \u2013 Chamonix, [&hellip;]\" \/>\n<meta property=\"og:url\" content=\"https:\/\/trailrunadvisor.com\/fr\/golden-trail-series-calendar-2023\/\" \/>\n<meta property=\"og:site_name\" content=\"Trail Run Advisor\" \/>\n<meta property=\"article:publisher\" content=\"https:\/\/www.facebook.com\/profile.php?id=61554747731790&amp;mibextid=9R9pXO\" \/>\n<meta property=\"article:published_time\" content=\"2024-02-20T10:11:31+00:00\" \/>\n<meta property=\"article:modified_time\" content=\"2025-06-18T14:17:23+00:00\" \/>\n<meta property=\"og:image\" content=\"https:\/\/trailrunadvisor.com\/wp-content\/uploads\/2023\/12\/default-post.png\" \/>\n\t<meta property=\"og:image:width\" content=\"610\" \/>\n\t<meta property=\"og:image:height\" content=\"416\" \/>\n\t<meta property=\"og:image:type\" content=\"image\/png\" \/>\n<meta name=\"author\" content=\"Lucian\" \/>\n<meta name=\"twitter:card\" content=\"summary_large_image\" \/>\n<meta name=\"twitter:label1\" content=\"\u00c9crit par\" \/>\n\t<meta name=\"twitter:data1\" content=\"Lucian\" \/>\n\t<meta name=\"twitter:label2\" content=\"Dur\u00e9e de lecture estim\u00e9e\" \/>\n\t<meta name=\"twitter:data2\" content=\"1 minute\" \/>\n<!-- \/ Yoast SEO plugin. -->","yoast_head_json":{"title":"Golden Trail Series calendar 2024 - Trail Run Advisor","robots":{"index":"index","follow":"follow","max-snippet":"max-snippet:-1","max-image-preview":"max-image-preview:large","max-video-preview":"max-video-preview:-1"},"canonical":"https:\/\/trailrunadvisor.com\/fr\/golden-trail-series-calendar-2023\/","og_locale":"fr_FR","og_type":"article","og_title":"Golden Trail Series calendar 2024 - Trail Run Advisor","og_description":"\u00b7 20th\u00a0April: Kobe Trail \u2013 Women\u2019s race\u00a0\u2013 21km\/1,615m V+ \u2013 Kobe, Japan. \u00b7 21st\u00a0April: Kobe Trail \u2013 Men\u2019s race\u00a0\u2013 21km\/1,615m V+ \u2013 Kobe, Japan \u00b7 27th\u00a0April: Four Girls Mountain Trail\u00a0\u2013 21km\/1,423 m V+ \u2013 Sichuan, China. \u00b7 26th\u00a0May: Zegama-Aizkorri\u00a0\u2013 42km\/2,736 m V+ \u2013 Zegama, Spain. \u00b7 30th\u00a0June: Marathon du Mont-Blanc\u00a0\u2013 42km\/2,540 m V+ \u2013 Chamonix, [&hellip;]","og_url":"https:\/\/trailrunadvisor.com\/fr\/golden-trail-series-calendar-2023\/","og_site_name":"Trail Run Advisor","article_publisher":"https:\/\/www.facebook.com\/profile.php?id=61554747731790&mibextid=9R9pXO","article_published_time":"2024-02-20T10:11:31+00:00","article_modified_time":"2025-06-18T14:17:23+00:00","og_image":[{"width":610,"height":416,"url":"https:\/\/trailrunadvisor.com\/wp-content\/uploads\/2023\/12\/default-post.png","type":"image\/png"}],"author":"Lucian","twitter_card":"summary_large_image","twitter_misc":{"\u00c9crit par":"Lucian","Dur\u00e9e de lecture estim\u00e9e":"1 minute"},"schema":{"@context":"https:\/\/schema.org","@graph":[{"@type":"Article","@id":"https:\/\/trailrunadvisor.com\/fr\/golden-trail-series-calendar-2023\/#article","isPartOf":{"@id":"https:\/\/trailrunadvisor.com\/fr\/golden-trail-series-calendar-2023\/"},"author":{"name":"Lucian","@id":"https:\/\/trailrunadvisor.com\/fr\/#\/schema\/person\/91a7a82943782a999397dc51612d3ccd"},"headline":"Golden Trail Series calendar 2024","datePublished":"2024-02-20T10:11:31+00:00","dateModified":"2025-06-18T14:17:23+00:00","mainEntityOfPage":{"@id":"https:\/\/trailrunadvisor.com\/fr\/golden-trail-series-calendar-2023\/"},"wordCount":111,"publisher":{"@id":"https:\/\/trailrunadvisor.com\/fr\/#organization"},"image":{"@id":"https:\/\/trailrunadvisor.com\/fr\/golden-trail-series-calendar-2023\/#primaryimage"},"thumbnailUrl":"https:\/\/trailrunadvisor.com\/wp-content\/uploads\/2023\/12\/default-post.png","inLanguage":"fr-FR"},{"@type":"WebPage","@id":"https:\/\/trailrunadvisor.com\/fr\/golden-trail-series-calendar-2023\/","url":"https:\/\/trailrunadvisor.com\/fr\/golden-trail-series-calendar-2023\/","name":"Golden Trail Series calendar 2024 - Trail Run Advisor","isPartOf":{"@id":"https:\/\/trailrunadvisor.com\/fr\/#website"},"primaryImageOfPage":{"@id":"https:\/\/trailrunadvisor.com\/fr\/golden-trail-series-calendar-2023\/#primaryimage"},"image":{"@id":"https:\/\/trailrunadvisor.com\/fr\/golden-trail-series-calendar-2023\/#primaryimage"},"thumbnailUrl":"https:\/\/trailrunadvisor.com\/wp-content\/uploads\/2023\/12\/default-post.png","datePublished":"2024-02-20T10:11:31+00:00","dateModified":"2025-06-18T14:17:23+00:00","breadcrumb":{"@id":"https:\/\/trailrunadvisor.com\/fr\/golden-trail-series-calendar-2023\/#breadcrumb"},"inLanguage":"fr-FR","potentialAction":[{"@type":"ReadAction","target":["https:\/\/trailrunadvisor.com\/fr\/golden-trail-series-calendar-2023\/"]}]},{"@type":"ImageObject","inLanguage":"fr-FR","@id":"https:\/\/trailrunadvisor.com\/fr\/golden-trail-series-calendar-2023\/#primaryimage","url":"https:\/\/trailrunadvisor.com\/wp-content\/uploads\/2023\/12\/default-post.png","contentUrl":"https:\/\/trailrunadvisor.com\/wp-content\/uploads\/2023\/12\/default-post.png","width":610,"height":416},{"@type":"BreadcrumbList","@id":"https:\/\/trailrunadvisor.com\/fr\/golden-trail-series-calendar-2023\/#breadcrumb","itemListElement":[{"@type":"ListItem","position":1,"name":"Home","item":"https:\/\/trailrunadvisor.com\/fr\/"},{"@type":"ListItem","position":2,"name":"Golden Trail Series calendar 2024"}]},{"@type":"WebSite","@id":"https:\/\/trailrunadvisor.com\/fr\/#website","url":"https:\/\/trailrunadvisor.com\/fr\/","name":"Trail Run Advisor","description":"","publisher":{"@id":"https:\/\/trailrunadvisor.com\/fr\/#organization"},"potentialAction":[{"@type":"SearchAction","target":{"@type":"EntryPoint","urlTemplate":"https:\/\/trailrunadvisor.com\/fr\/?s={search_term_string}"},"query-input":{"@type":"PropertyValueSpecification","valueRequired":true,"valueName":"search_term_string"}}],"inLanguage":"fr-FR"},{"@type":"Organization","@id":"https:\/\/trailrunadvisor.com\/fr\/#organization","name":"Trail Run Advisor","url":"https:\/\/trailrunadvisor.com\/fr\/","logo":{"@type":"ImageObject","inLanguage":"fr-FR","@id":"https:\/\/trailrunadvisor.com\/fr\/#\/schema\/logo\/image\/","url":"https:\/\/trailrunadvisor.com\/wp-content\/uploads\/2023\/12\/logo-trailrunadvisor.png","contentUrl":"https:\/\/trailrunadvisor.com\/wp-content\/uploads\/2023\/12\/logo-trailrunadvisor.png","width":613,"height":80,"caption":"Trail Run Advisor"},"image":{"@id":"https:\/\/trailrunadvisor.com\/fr\/#\/schema\/logo\/image\/"},"sameAs":["https:\/\/www.facebook.com\/profile.php?id=61554747731790&mibextid=9R9pXO","https:\/\/www.instagram.com\/trailrunadvisor\/"]},{"@type":"Person","@id":"https:\/\/trailrunadvisor.com\/fr\/#\/schema\/person\/91a7a82943782a999397dc51612d3ccd","name":"Lucian","image":{"@type":"ImageObject","inLanguage":"fr-FR","@id":"https:\/\/trailrunadvisor.com\/fr\/#\/schema\/person\/image\/","url":"https:\/\/trailrunadvisor.com\/wp-content\/uploads\/2025\/06\/cropped-Lucian-96x96.jpg","contentUrl":"https:\/\/trailrunadvisor.com\/wp-content\/uploads\/2025\/06\/cropped-Lucian-96x96.jpg","caption":"Lucian"},"sameAs":["https:\/\/trailrunadvisor.com\/lucian\/","https:\/\/www.instagram.com\/trailrunadvisor\/"]}]}},"_links":{"self":[{"href":"https:\/\/trailrunadvisor.com\/fr\/wp-json\/wp\/v2\/posts\/6264","targetHints":{"allow":["GET"]}}],"collection":[{"href":"https:\/\/trailrunadvisor.com\/fr\/wp-json\/wp\/v2\/posts"}],"about":[{"href":"https:\/\/trailrunadvisor.com\/fr\/wp-json\/wp\/v2\/types\/post"}],"author":[{"embeddable":true,"href":"https:\/\/trailrunadvisor.com\/fr\/wp-json\/wp\/v2\/users\/6"}],"replies":[{"embeddable":true,"href":"https:\/\/trailrunadvisor.com\/fr\/wp-json\/wp\/v2\/comments?post=6264"}],"version-history":[{"count":6,"href":"https:\/\/trailrunadvisor.com\/fr\/wp-json\/wp\/v2\/posts\/6264\/revisions"}],"predecessor-version":[{"id":6276,"href":"https:\/\/trailrunadvisor.com\/fr\/wp-json\/wp\/v2\/posts\/6264\/revisions\/6276"}],"wp:featuredmedia":[{"embeddable":true,"href":"https:\/\/trailrunadvisor.com\/fr\/wp-json\/wp\/v2\/media\/5896"}],"wp:attachment":[{"href":"https:\/\/trailrunadvisor.com\/fr\/wp-json\/wp\/v2\/media?parent=6264"}],"wp:term":[{"taxonomy":"categories","embeddable":true,"href":"https:\/\/trailrunadvisor.com\/fr\/wp-json\/wp\/v2\/category?post=6264"},{"taxonomy":"tags","embeddable":true,"href":"https:\/\/trailrunadvisor.com\/fr\/wp-json\/wp\/v2\/tag?post=6264"}],"curies":[{"name":"wp","href":"https:\/\/api.w.org\/{rel}","templated":true}]}}