{"id":6283,"date":"2024-02-25T21:38:14","date_gmt":"2024-02-25T20:38:14","guid":{"rendered":"https:\/\/trailrunadvisor.com\/?p=6283"},"modified":"2025-06-18T16:17:23","modified_gmt":"2025-06-18T14:17:23","slug":"results-transgrancanaria-2024","status":"publish","type":"post","link":"https:\/\/trailrunadvisor.com\/fr\/results-transgrancanaria-2024\/","title":{"rendered":"Results TransGranCanaria 2024"},"content":{"rendered":"\t\t<div data-elementor-type=\"wp-post\" data-elementor-id=\"6283\" class=\"elementor elementor-6283\" data-elementor-post-type=\"post\">\n\t\t\t\t<div class=\"elementor-element elementor-element-227222b4 e-flex e-con-boxed e-con e-parent\" data-id=\"227222b4\" data-element_type=\"container\">\n\t\t\t\t\t<div class=\"e-con-inner\">\n\t\t<div class=\"elementor-element elementor-element-2dcc26f2 e-con-full e-flex e-con e-child\" data-id=\"2dcc26f2\" data-element_type=\"container\">\n\t\t\t\t<div class=\"elementor-element elementor-element-3221e942 elementor-widget elementor-widget-image\" data-id=\"3221e942\" data-element_type=\"widget\" data-widget_type=\"image.default\">\n\t\t\t\t<div class=\"elementor-widget-container\">\n\t\t\t\t\t\t\t\t\t\t\t\t\t\t\t<img fetchpriority=\"high\" decoding=\"async\" width=\"610\" height=\"416\" src=\"https:\/\/trailrunadvisor.com\/wp-content\/uploads\/2023\/12\/default-post.png\" class=\"attachment-full size-full wp-image-5896\" alt=\"\" srcset=\"https:\/\/trailrunadvisor.com\/wp-content\/uploads\/2023\/12\/default-post.png 610w, https:\/\/trailrunadvisor.com\/wp-content\/uploads\/2023\/12\/default-post-300x205.png 300w\" sizes=\"(max-width: 610px) 100vw, 610px\" \/>\t\t\t\t\t\t\t\t\t\t\t\t\t\t\t<\/div>\n\t\t\t\t<\/div>\n\t\t\t\t<div class=\"elementor-element elementor-element-60f219df elementor-widget elementor-widget-theme-post-title elementor-page-title elementor-widget-heading\" data-id=\"60f219df\" data-element_type=\"widget\" data-widget_type=\"theme-post-title.default\">\n\t\t\t\t<div class=\"elementor-widget-container\">\n\t\t\t\t\t<h1 class=\"elementor-heading-title elementor-size-default\">Results TransGranCanaria 2024<\/h1>\t\t\t\t<\/div>\n\t\t\t\t<\/div>\n\t\t\t\t<div class=\"elementor-element elementor-element-65c6a9d6 elementor-align-center elementor-widget elementor-widget-post-info\" data-id=\"65c6a9d6\" data-element_type=\"widget\" data-widget_type=\"post-info.default\">\n\t\t\t\t<div class=\"elementor-widget-container\">\n\t\t\t\t\t\t\t<ul class=\"elementor-inline-items elementor-icon-list-items elementor-post-info\">\n\t\t\t\t\t\t\t\t<li class=\"elementor-icon-list-item elementor-repeater-item-5d790ac elementor-inline-item\" itemprop=\"datePublished\">\n\t\t\t\t\t\t\t\t\t\t\t\t\t<span class=\"elementor-icon-list-text elementor-post-info__item elementor-post-info__item--type-date\">\n\t\t\t\t\t\t\t\t\t\t<time>f\u00e9vrier 25, 2024<\/time>\t\t\t\t\t<\/span>\n\t\t\t\t\t\t\t\t<\/li>\n\t\t\t\t<\/ul>\n\t\t\t\t\t\t<\/div>\n\t\t\t\t<\/div>\n\t\t\t\t<div class=\"elementor-element elementor-element-6da97099 elementor-widget elementor-widget-text-editor\" data-id=\"6da97099\" data-element_type=\"widget\" data-widget_type=\"text-editor.default\">\n\t\t\t\t<div class=\"elementor-widget-container\">\n\t\t\t\t\t\t\t\t\t<p class=\"MsoNormal\"><b><span lang=\"ES-TRAD\" style=\"font-family:&quot;Aptos&quot;,sans-serif;\nmso-ansi-language:ES-TRAD\">Classic 126km \/ 6800m +<o:p><\/o:p><\/span><\/b><\/p><p class=\"MsoNormal\"><span lang=\"ES-TRAD\" style=\"font-family:&quot;Aptos&quot;,sans-serif;\nmso-ansi-language:ES-TRAD\">1&nbsp;&#8211;&nbsp;<a href=\"https:\/\/transgrancanaria.livetrail.net\/coureur.php?rech=20\"><span style=\"color: windowtext; text-decoration-line: none;\">Raul&nbsp;BUTACI<\/span><\/a><br>\n2&nbsp;&#8211;&nbsp;<a href=\"https:\/\/transgrancanaria.livetrail.net\/coureur.php?rech=63\"><span style=\"color: windowtext; text-decoration-line: none;\">Miguel\n\u00c1ngel&nbsp;HERAS HERN\u00c1NDEZ<\/span><\/a><br>\n3&nbsp;&#8211;&nbsp;<a href=\"https:\/\/transgrancanaria.livetrail.net\/coureur.php?rech=18\"><span style=\"color: windowtext; text-decoration-line: none;\">Ionel\nCristian&nbsp;MANOLE<\/span><\/a><o:p><\/o:p><\/span><\/p><p class=\"MsoNormal\"><span lang=\"ES-TRAD\" style=\"font-family:&quot;Aptos&quot;,sans-serif;\nmso-ansi-language:ES-TRAD\">1&nbsp;&#8211;&nbsp;<a href=\"https:\/\/transgrancanaria.livetrail.net\/coureur.php?rech=1\"><span style=\"color: windowtext; text-decoration-line: none;\">Courtney&nbsp;DAUWALTER<\/span><\/a><br>\n2&nbsp;&#8211;&nbsp;<a href=\"https:\/\/transgrancanaria.livetrail.net\/coureur.php?rech=5\"><span style=\"color: windowtext; text-decoration-line: none;\">Claudia&nbsp;TREMPS<\/span><\/a><br>\n3&nbsp;&#8211;&nbsp;<a href=\"https:\/\/transgrancanaria.livetrail.net\/coureur.php?rech=35\"><span style=\"color: windowtext; text-decoration-line: none;\">Emma&nbsp;STUART<\/span><\/a><o:p><\/o:p><\/span><\/p><p class=\"MsoNormal\"><b><span lang=\"ES-TRAD\" style=\"font-family:&quot;Aptos&quot;,sans-serif;\nmso-ansi-language:ES-TRAD\">Advanced 84km \/ 4900m +<o:p><\/o:p><\/span><\/b><\/p><p class=\"MsoNormal\"><span lang=\"ES-TRAD\" style=\"font-family:&quot;Aptos&quot;,sans-serif;\nmso-ansi-language:ES-TRAD\">1&nbsp;&#8211;&nbsp;<a href=\"https:\/\/transgrancanaria.livetrail.net\/coureur.php?rech=1002\"><span style=\"color: windowtext; text-decoration-line: none;\">Andrzej&nbsp;WITEK<\/span><\/a><br>\n2&nbsp;&#8211;&nbsp;<a href=\"https:\/\/transgrancanaria.livetrail.net\/coureur.php?rech=1004\"><span style=\"color: windowtext; text-decoration-line: none;\">Davide&nbsp;CHERAZ<\/span><\/a><br>\n3&nbsp;&#8211;&nbsp;<a href=\"https:\/\/transgrancanaria.livetrail.net\/coureur.php?rech=1005\"><span style=\"color: windowtext; text-decoration-line: none;\">Borja&nbsp;FERN\u00c1NDEZ\nFERN\u00c1NDEZ<\/span><\/a><o:p><\/o:p><\/span><\/p><p class=\"MsoNormal\"><span lang=\"ES-TRAD\" style=\"font-family:&quot;Aptos&quot;,sans-serif;mso-ansi-language:\nES-TRAD\">1&nbsp;&#8211;&nbsp;<a href=\"https:\/\/transgrancanaria.livetrail.net\/coureur.php?rech=1006\"><span style=\"color: windowtext; text-decoration-line: none;\">Tara&nbsp;FRAGA<\/span><\/a><br>\n2&nbsp;&#8211;&nbsp;<a href=\"https:\/\/transgrancanaria.livetrail.net\/coureur.php?rech=1003\"><span style=\"color: windowtext; text-decoration-line: none;\">Kathrin&nbsp;G\u00d6TZ<\/span><\/a><br>\n3&nbsp;&#8211;&nbsp;<a href=\"https:\/\/transgrancanaria.livetrail.net\/coureur.php?rech=1001\"><span style=\"color: windowtext; text-decoration-line: none;\">Martina&nbsp;KLANCNIK\nPOTRC<\/span><\/a><o:p><\/o:p><\/span><\/p><p class=\"MsoNormal\"><b><span lang=\"ES-TRAD\" style=\"font-family:&quot;Aptos&quot;,sans-serif;\nmso-ansi-language:ES-TRAD\">Marathon &nbsp;48km\n\/ 1900m +<o:p><\/o:p><\/span><\/b><\/p><p class=\"MsoNormal\"><span lang=\"ES-TRAD\" style=\"font-family:&quot;Aptos&quot;,sans-serif;\nmso-ansi-language:ES-TRAD\">1&nbsp;&#8211;&nbsp;<a href=\"https:\/\/transgrancanaria.livetrail.net\/coureur.php?rech=2057\"><span style=\"color: windowtext; text-decoration-line: none;\">Robert&nbsp;PKEMOI\nMATAYANGO<\/span><\/a><br>\n2&nbsp;&#8211;&nbsp;<a href=\"https:\/\/transgrancanaria.livetrail.net\/coureur.php?rech=2001\"><span style=\"color: windowtext; text-decoration-line: none;\">Juho&nbsp;YLINEN<\/span><\/a><br>\n3&nbsp;&#8211;&nbsp;<a href=\"https:\/\/transgrancanaria.livetrail.net\/coureur.php?rech=2011\"><span style=\"color: windowtext; text-decoration-line: none;\">Tiago&nbsp;NOBRE\nVIEIRA<\/span><\/a><o:p><\/o:p><\/span><\/p><p class=\"MsoNormal\"><span lang=\"ES-TRAD\" style=\"font-family:&quot;Aptos&quot;,sans-serif;mso-ansi-language:\nES-TRAD\">1&nbsp;&#8211;&nbsp;<a href=\"https:\/\/transgrancanaria.livetrail.net\/coureur.php?rech=2004\"><span style=\"color: windowtext; text-decoration-line: none;\">Jennifer&nbsp;LICHTER<\/span><\/a><br>\n2&nbsp;&#8211;&nbsp;<a href=\"https:\/\/transgrancanaria.livetrail.net\/coureur.php?rech=2395\"><span style=\"color: windowtext; text-decoration-line: none;\">Greta&nbsp;GARC\u00cdA\nMOR\u00c1N<\/span><\/a><br>\n3&nbsp;&#8211;&nbsp;<a href=\"https:\/\/transgrancanaria.livetrail.net\/coureur.php?rech=2008\"><span style=\"color: windowtext; text-decoration-line: none;\">Rosa\nMaria&nbsp;LARA FELIU<\/span><\/a><o:p><\/o:p><\/span><\/p><p class=\"MsoNormal\"><b><span lang=\"ES-TRAD\" style=\"font-family:&quot;Aptos&quot;,sans-serif;\nmso-ansi-language:ES-TRAD\">Starter &nbsp;21km \/\n1400m +<o:p><\/o:p><\/span><\/b><\/p><p class=\"MsoNormal\"><span lang=\"ES-TRAD\" style=\"font-family:&quot;Aptos&quot;,sans-serif;\nmso-ansi-language:ES-TRAD\">1&nbsp;&#8211;&nbsp;<a href=\"https:\/\/transgrancanaria.livetrail.net\/coureur.php?rech=4001\"><span style=\"color: windowtext; text-decoration-line: none;\">Antonio&nbsp;MART\u00cdNEZ\nP\u00c9REZ<\/span><\/a><br>\n2&nbsp;&#8211;&nbsp;<a href=\"https:\/\/transgrancanaria.livetrail.net\/coureur.php?rech=4015\"><span style=\"color: windowtext; text-decoration-line: none;\">Yoel&nbsp;DE\nPAZ BAEZA<\/span><\/a><br>\n3&nbsp;&#8211;&nbsp;<a href=\"https:\/\/transgrancanaria.livetrail.net\/coureur.php?rech=4284\"><span style=\"color: windowtext; text-decoration-line: none;\">Anartz&nbsp;ARTOLA\nARIN<\/span><\/a><o:p><\/o:p><\/span><\/p><p class=\"MsoNormal\"><span lang=\"ES-TRAD\" style=\"font-family:&quot;Aptos&quot;,sans-serif;mso-ansi-language:\nES-TRAD\">1&nbsp;&#8211;&nbsp;<a href=\"https:\/\/transgrancanaria.livetrail.net\/coureur.php?rech=4005\"><span style=\"color: windowtext; text-decoration-line: none;\">Katarzyna&nbsp;SOLI\u0143SKA<\/span><\/a><br>\n2&nbsp;&#8211;&nbsp;<a href=\"https:\/\/transgrancanaria.livetrail.net\/coureur.php?rech=4002\"><span style=\"color: windowtext; text-decoration-line: none;\">Brittany&nbsp;CHARBONEAU<\/span><\/a><br>\n3&nbsp;&#8211;&nbsp;<a href=\"https:\/\/transgrancanaria.livetrail.net\/coureur.php?rech=4007\"><span style=\"color: windowtext; text-decoration-line: none;\">Flavia&nbsp;STUTZ<\/span><\/a><o:p><\/o:p><\/span><\/p><p class=\"MsoNormal\"><b><span lang=\"ES-TRAD\" style=\"font-family:&quot;Aptos&quot;,sans-serif;\nmso-ansi-language:ES-TRAD\">KV &nbsp;5.5km \/ 1060m\n+<o:p><\/o:p><\/span><\/b><\/p><p class=\"MsoNormal\"><span lang=\"ES-TRAD\" style=\"font-family:&quot;Aptos&quot;,sans-serif;\nmso-ansi-language:ES-TRAD\">1&nbsp;&#8211;&nbsp;<a href=\"https:\/\/transgrancanaria.livetrail.net\/coureur.php?rech=7001\"><span style=\"color: windowtext; text-decoration-line: none;\">Henri&nbsp;AYMONOD<\/span><\/a><br>\n2&nbsp;&#8211;&nbsp;<a href=\"https:\/\/transgrancanaria.livetrail.net\/coureur.php?rech=7054\"><span style=\"color: windowtext; text-decoration-line: none;\">Frederic&nbsp;TRANCHAND<\/span><\/a><br>\n3&nbsp;&#8211;&nbsp;<a href=\"https:\/\/transgrancanaria.livetrail.net\/coureur.php?rech=7003\"><span style=\"color: windowtext; text-decoration-line: none;\">Alvaro&nbsp;ESCUELA\nPERDOMO<\/span><\/a><o:p><\/o:p><\/span><\/p><p>\n\n\n\n\n\n\n\n\n\n\n\n\n\n\n\n\n\n\n\n\n\n\n\n\n\n\n\n<\/p><p class=\"MsoNormal\"><span lang=\"ES-TRAD\" style=\"font-family:&quot;Aptos&quot;,sans-serif;mso-ansi-language:\nES-TRAD\">1&nbsp;&#8211;&nbsp;<a href=\"https:\/\/transgrancanaria.livetrail.net\/coureur.php?rech=7058\"><span style=\"color: windowtext; text-decoration-line: none;\">Katie&nbsp;SCHIDE<\/span><\/a><br>\n2&nbsp;&#8211;&nbsp;<a href=\"https:\/\/transgrancanaria.livetrail.net\/coureur.php?rech=7059\"><span style=\"color: windowtext; text-decoration-line: none;\">Lena&nbsp;LAUKNER<\/span><\/a><br>\n3&nbsp;&#8211;&nbsp;<a href=\"https:\/\/transgrancanaria.livetrail.net\/coureur.php?rech=7062\"><span style=\"color: windowtext; text-decoration-line: none;\">Moana\nLilly&nbsp;KEHRES KEHRES<\/span><\/a><o:p><\/o:p><\/span><\/p>\t\t\t\t\t\t\t\t<\/div>\n\t\t\t\t<\/div>\n\t\t\t\t<\/div>\n\t\t<div class=\"elementor-element elementor-element-114f22ef e-con-full e-flex e-con e-child\" data-id=\"114f22ef\" data-element_type=\"container\">\n\t\t\t\t<div class=\"elementor-element elementor-element-48fcbdd2 elementor-grid-1 elementor-grid-laptop-1 elementor-posts--align-center elementor-grid-tablet-2 elementor-grid-mobile-1 elementor-posts--thumbnail-top elementor-widget elementor-widget-posts\" data-id=\"48fcbdd2\" data-element_type=\"widget\" data-settings=\"{&quot;classic_columns&quot;:&quot;1&quot;,&quot;classic_columns_laptop&quot;:&quot;1&quot;,&quot;classic_row_gap&quot;:{&quot;unit&quot;:&quot;px&quot;,&quot;size&quot;:20,&quot;sizes&quot;:[]},&quot;classic_columns_tablet&quot;:&quot;2&quot;,&quot;classic_columns_mobile&quot;:&quot;1&quot;,&quot;classic_row_gap_laptop&quot;:{&quot;unit&quot;:&quot;px&quot;,&quot;size&quot;:&quot;&quot;,&quot;sizes&quot;:[]},&quot;classic_row_gap_tablet&quot;:{&quot;unit&quot;:&quot;px&quot;,&quot;size&quot;:&quot;&quot;,&quot;sizes&quot;:[]},&quot;classic_row_gap_mobile&quot;:{&quot;unit&quot;:&quot;px&quot;,&quot;size&quot;:&quot;&quot;,&quot;sizes&quot;:[]}}\" data-widget_type=\"posts.classic\">\n\t\t\t\t<div class=\"elementor-widget-container\">\n\t\t\t\t\t\t\t<div class=\"elementor-posts-container elementor-posts elementor-posts--skin-classic elementor-grid\" role=\"list\">\n\t\t\t\t<article class=\"elementor-post elementor-grid-item post-18910 post type-post status-publish format-standard hentry categories-interviews-fr categories-nouvelles\" role=\"listitem\">\n\t\t\t\t<div class=\"elementor-post__text\">\n\t\t\t\t<h3 class=\"elementor-post__title\">\n\t\t\t<a href=\"https:\/\/trailrunadvisor.com\/fr\/interview-grand-trail-des-cadourques\/\" >\n\t\t\t\tInterview &#8211; Grand Trail des Cadourques\t\t\t<\/a>\n\t\t<\/h3>\n\t\t\t\t<div class=\"elementor-post__meta-data\">\n\t\t\t\t\t<span class=\"elementor-post-date\">\n\t\t\t20 avril 2026\t\t<\/span>\n\t\t\t\t<\/div>\n\t\t\t\t<div class=\"elementor-post__excerpt\">\n\t\t\t<p>Le Grand Trail des Cadourques s&#8217;est rapidement impos\u00e9e comme un \u00e9v\u00e9nement incontournable du calendrier fran\u00e7ais de trail running d\u00e8s sa premi\u00e8re \u00e9dition. Avec une note exceptionnelle de 4,7\/5 bas\u00e9e sur les commentaires des coureurs, la course a d\u00e9j\u00e0 obtenu le label Course la mieux not\u00e9e badge sur TrailRunAdvisor. Une organisation lou\u00e9e, des b\u00e9n\u00e9voles remarquables, des postes de secours exceptionnels, un parcours spectaculaire dans la vall\u00e9e du Lot : les commentaires sont unanimes. Derri\u00e8re ce succ\u00e8s se trouve une \u00e9quipe anim\u00e9e par la passion. Nous nous sommes entretenus avec Gilles Cluzet, pr\u00e9sident de la Extrapedestre 46 et le moteur de cette premi\u00e8re \u00e9dition remarquable, pour comprendre les cl\u00e9s de son succ\u00e8s et les ambitions pour l&#8217;avenir. Q1. Dans un calendrier de trail running d\u00e9j\u00e0 bien rempli,<\/p>\n\t\t<\/div>\n\t\t\n\t\t<a class=\"elementor-post__read-more\" href=\"https:\/\/trailrunadvisor.com\/fr\/interview-grand-trail-des-cadourques\/\" aria-label=\"En savoir plus sur Interview &#8211; Grand Trail des Cadourques\" tabindex=\"-1\" >\n\t\t\tRead More\t\t<\/a>\n\n\t\t\t\t<\/div>\n\t\t\t\t<\/article>\n\t\t\t\t<article class=\"elementor-post elementor-grid-item post-18905 post type-post status-publish format-standard hentry categories-top-rated-race\" role=\"listitem\">\n\t\t\t\t<div class=\"elementor-post__text\">\n\t\t\t\t<h3 class=\"elementor-post__title\">\n\t\t\t<a href=\"https:\/\/trailrunadvisor.com\/fr\/grand-trail-des-cadourques\/\" >\n\t\t\t\tGrand Trail des Cadourques\t\t\t<\/a>\n\t\t<\/h3>\n\t\t\t\t<div class=\"elementor-post__meta-data\">\n\t\t\t\t\t<span class=\"elementor-post-date\">\n\t\t\t20 avril 2026\t\t<\/span>\n\t\t\t\t<\/div>\n\t\t\t\t<div class=\"elementor-post__excerpt\">\n\t\t\t<p>1\u02b3\u1d49 edition Lieu : Cahors, FranceDistances : jusqu\u2019\u00e0 120 kmD\u00e9nivel\u00e9 : jusqu\u2019\u00e0 4 100 mMois : mars Pourquoi les coureurs l\u2019adorent: Le Grand Trail des Cadourques s\u2019est impos\u00e9 comme une course de trail tr\u00e8s bien not\u00e9e en France, gr\u00e2ce \u00e0 ses paysages, son organisation et l\u2019exp\u00e9rience globale de course Avis des coureurs : \u201cVous m\u2019avez r\u00e9gal\u00e9 pour mon 1er 68 km, un vrai bonheur, paysage magnifique.\u201d \u201cSuper organisation pour une premi\u00e8re et super rapport qualit\u00e9 prix et parcours.\u201d &#8220;Une organisation du tonnerre!\u201d \u201cUne course splendide avec un beau parcours et vraiment de tr\u00e8s belles choses \u00e0 voir\u201c \u201cDes points de vue magnifiques et une organisation digne de professionnels, surtout pour une premi\u00e8re \u00e9dition.\u201d \u201cMagnifique parcours, une organisation au top. Des ravitos et des b\u00e9n\u00e9voles premiums\u201d<\/p>\n\t\t<\/div>\n\t\t\n\t\t<a class=\"elementor-post__read-more\" href=\"https:\/\/trailrunadvisor.com\/fr\/grand-trail-des-cadourques\/\" aria-label=\"En savoir plus sur Grand Trail des Cadourques\" tabindex=\"-1\" >\n\t\t\tRead More\t\t<\/a>\n\n\t\t\t\t<\/div>\n\t\t\t\t<\/article>\n\t\t\t\t<article class=\"elementor-post elementor-grid-item post-18428 post type-post status-publish format-standard hentry categories-collaborations-fr categories-nouvelles\" role=\"listitem\">\n\t\t\t\t<div class=\"elementor-post__text\">\n\t\t\t\t<h3 class=\"elementor-post__title\">\n\t\t\t<a href=\"https:\/\/trailrunadvisor.com\/fr\/test-trailrunadvisor-merrell-agility-peak-6-la-chaussure-de-trail-polyvalente-par-excellence\/\" >\n\t\t\t\tTest TrailRunAdvisor : Merrell Agility Peak 6 &#8211; La chaussure de trail polyvalente par excellence ?\t\t\t<\/a>\n\t\t<\/h3>\n\t\t\t\t<div class=\"elementor-post__meta-data\">\n\t\t\t\t\t<span class=\"elementor-post-date\">\n\t\t\t18 avril 2026\t\t<\/span>\n\t\t\t\t<\/div>\n\t\t\t\t<div class=\"elementor-post__excerpt\">\n\t\t\t<p>Chez TrailRunAdvisor, nous testons le mat\u00e9riel de la seule mani\u00e8re qui compte : sur les sentiers, dans des conditions de course r\u00e9elles. Ces derni\u00e8res semaines, notre \u00e9quipe a test\u00e9 la Merrell Agility Peak 6 sur plusieurs courses de moins de 50 km, sur une grande vari\u00e9t\u00e9 de terrains : sentiers techniques, sections praticables, surfaces dures, et m\u00eame travers\u00e9es de rivi\u00e8res. Le verdict ? Une chaussure de trail polyvalente, fiable et performante, capable de s&#8217;adapter \u00e0 presque toutes les situations sans compromis sur le confort. TrailRunAdvisor Review &#8211; Test sur le terrain de la Merrell Agility Peak 6 Nous avons pos\u00e9 une question simple :Comment la Merrell Agility Peak 6 se comporte-t-elle dans des conditions r\u00e9elles d&#8217;utilisation ? Voici les principales informations \u00e0 retenir : Adh\u00e9rence<\/p>\n\t\t<\/div>\n\t\t\n\t\t<a class=\"elementor-post__read-more\" href=\"https:\/\/trailrunadvisor.com\/fr\/test-trailrunadvisor-merrell-agility-peak-6-la-chaussure-de-trail-polyvalente-par-excellence\/\" aria-label=\"En savoir plus sur Test TrailRunAdvisor : Merrell Agility Peak 6 &#8211; La chaussure de trail polyvalente par excellence ?\" tabindex=\"-1\" >\n\t\t\tRead More\t\t<\/a>\n\n\t\t\t\t<\/div>\n\t\t\t\t<\/article>\n\t\t\t\t<article class=\"elementor-post elementor-grid-item post-18293 post type-post status-publish format-standard has-post-thumbnail hentry categories-news\" role=\"listitem\">\n\t\t\t\t<a class=\"elementor-post__thumbnail__link\" href=\"https:\/\/trailrunadvisor.com\/fr\/5-trail-running-races-to-discover-in-may-lesser-known-races-across-europe\/\" tabindex=\"-1\" >\n\t\t\t<div class=\"elementor-post__thumbnail\"><img decoding=\"async\" width=\"300\" height=\"200\" src=\"https:\/\/trailrunadvisor.com\/wp-content\/uploads\/2026\/04\/2025-UTTN@xavierwaerzeggers-087-300x200.jpg\" class=\"attachment-medium size-medium wp-image-18295 not-transparent\" alt=\"trail running races in May\" data-has-transparency=\"false\" data-dominant-color=\"9b7357\" style=\"--dominant-color: #9b7357\" srcset=\"https:\/\/trailrunadvisor.com\/wp-content\/uploads\/2026\/04\/2025-UTTN@xavierwaerzeggers-087-300x200.jpg 300w, https:\/\/trailrunadvisor.com\/wp-content\/uploads\/2026\/04\/2025-UTTN@xavierwaerzeggers-087-1024x682.jpg 1024w, https:\/\/trailrunadvisor.com\/wp-content\/uploads\/2026\/04\/2025-UTTN@xavierwaerzeggers-087-768x512.jpg 768w, https:\/\/trailrunadvisor.com\/wp-content\/uploads\/2026\/04\/2025-UTTN@xavierwaerzeggers-087.jpg 1331w\" sizes=\"(max-width: 300px) 100vw, 300px\" \/><\/div>\n\t\t<\/a>\n\t\t\t\t<div class=\"elementor-post__text\">\n\t\t\t\t<h3 class=\"elementor-post__title\">\n\t\t\t<a href=\"https:\/\/trailrunadvisor.com\/fr\/5-trail-running-races-to-discover-in-may-lesser-known-races-across-europe\/\" >\n\t\t\t\t5 trail running races to discover in May: lesser-known races across Europe\t\t\t<\/a>\n\t\t<\/h3>\n\t\t\t\t<div class=\"elementor-post__meta-data\">\n\t\t\t\t\t<span class=\"elementor-post-date\">\n\t\t\t16 avril 2026\t\t<\/span>\n\t\t\t\t<\/div>\n\t\t\t\t<div class=\"elementor-post__excerpt\">\n\t\t\t<p>credit @UTTN \u2013 Xavier Waerzeggers Looking for your next trail running adventure this spring? While the biggest races sell out months in advance, Europe still offers a selection of lesser-known trail running races that deliver equally powerful experiences. From remote mountain regions to volcanic islands, these races combine technical terrain, authentic atmospheres, and unique landscapes without the crowds. Here are five trail races in May that deserve your attention. Transylvania 100 \u2014 Romania Set in the Carpathian Mountains, Transylvania 100 is one of the most distinctive trail running races in Eastern Europe. The course features steep climbs, technical sections, and forested trails, all set within a landscape shaped by history and legend. One of the highlights is the proximity to Bran Castle, adding a unique<\/p>\n\t\t<\/div>\n\t\t\n\t\t<a class=\"elementor-post__read-more\" href=\"https:\/\/trailrunadvisor.com\/fr\/5-trail-running-races-to-discover-in-may-lesser-known-races-across-europe\/\" aria-label=\"En savoir plus sur 5 trail running races to discover in May: lesser-known races across Europe\" tabindex=\"-1\" >\n\t\t\tRead More\t\t<\/a>\n\n\t\t\t\t<\/div>\n\t\t\t\t<\/article>\n\t\t\t\t<\/div>\n\t\t\n\t\t\t\t\t\t<\/div>\n\t\t\t\t<\/div>\n\t\t\t\t<\/div>\n\t\t\t\t\t<\/div>\n\t\t\t\t<\/div>\n\t\t\t\t<\/div>\n\t\t","protected":false},"excerpt":{"rendered":"<p>Classic 126km \/ 6800m + 1\u00a0&#8211;\u00a0Raul\u00a0BUTACI 2\u00a0&#8211;\u00a0Miguel \u00c1ngel\u00a0HERAS HERN\u00c1NDEZ 3\u00a0&#8211;\u00a0Ionel Cristian\u00a0MANOLE 1\u00a0&#8211;\u00a0Courtney\u00a0DAUWALTER 2\u00a0&#8211;\u00a0Claudia\u00a0TREMPS 3\u00a0&#8211;\u00a0Emma\u00a0STUART Advanced 84km \/ 4900m + 1\u00a0&#8211;\u00a0Andrzej\u00a0WITEK 2\u00a0&#8211;\u00a0Davide\u00a0CHERAZ 3\u00a0&#8211;\u00a0Borja\u00a0FERN\u00c1NDEZ FERN\u00c1NDEZ 1\u00a0&#8211;\u00a0Tara\u00a0FRAGA 2\u00a0&#8211;\u00a0Kathrin\u00a0G\u00d6TZ 3\u00a0&#8211;\u00a0Martina\u00a0KLANCNIK POTRC Marathon \u00a048km \/ 1900m + 1\u00a0&#8211;\u00a0Robert\u00a0PKEMOI MATAYANGO 2\u00a0&#8211;\u00a0Juho\u00a0YLINEN 3\u00a0&#8211;\u00a0Tiago\u00a0NOBRE VIEIRA 1\u00a0&#8211;\u00a0Jennifer\u00a0LICHTER 2\u00a0&#8211;\u00a0Greta\u00a0GARC\u00cdA MOR\u00c1N 3\u00a0&#8211;\u00a0Rosa Maria\u00a0LARA FELIU Starter \u00a021km \/ 1400m + 1\u00a0&#8211;\u00a0Antonio\u00a0MART\u00cdNEZ P\u00c9REZ 2\u00a0&#8211;\u00a0Yoel\u00a0DE PAZ BAEZA 3\u00a0&#8211;\u00a0Anartz\u00a0ARTOLA ARIN [&hellip;]<\/p>\n","protected":false},"author":6,"featured_media":5896,"comment_status":"closed","ping_status":"closed","sticky":false,"template":"","format":"standard","meta":{"_acf_changed":false,"footnotes":""},"category":[139],"tag":[],"class_list":["post-6283","post","type-post","status-publish","format-standard","has-post-thumbnail","hentry","categories-news"],"acf":[],"yoast_head":"<!-- This site is optimized with the Yoast SEO plugin v26.8 - https:\/\/yoast.com\/product\/yoast-seo-wordpress\/ -->\n<title>Results TransGranCanaria 2024 - Trail Run Advisor<\/title>\n<meta name=\"robots\" content=\"index, follow, max-snippet:-1, max-image-preview:large, max-video-preview:-1\" \/>\n<link rel=\"canonical\" href=\"https:\/\/trailrunadvisor.com\/fr\/results-transgrancanaria-2024\/\" \/>\n<meta property=\"og:locale\" content=\"fr_FR\" \/>\n<meta property=\"og:type\" content=\"article\" \/>\n<meta property=\"og:title\" content=\"Results TransGranCanaria 2024 - Trail Run Advisor\" \/>\n<meta property=\"og:description\" content=\"Classic 126km \/ 6800m + 1\u00a0&#8211;\u00a0Raul\u00a0BUTACI 2\u00a0&#8211;\u00a0Miguel \u00c1ngel\u00a0HERAS HERN\u00c1NDEZ 3\u00a0&#8211;\u00a0Ionel Cristian\u00a0MANOLE 1\u00a0&#8211;\u00a0Courtney\u00a0DAUWALTER 2\u00a0&#8211;\u00a0Claudia\u00a0TREMPS 3\u00a0&#8211;\u00a0Emma\u00a0STUART Advanced 84km \/ 4900m + 1\u00a0&#8211;\u00a0Andrzej\u00a0WITEK 2\u00a0&#8211;\u00a0Davide\u00a0CHERAZ 3\u00a0&#8211;\u00a0Borja\u00a0FERN\u00c1NDEZ FERN\u00c1NDEZ 1\u00a0&#8211;\u00a0Tara\u00a0FRAGA 2\u00a0&#8211;\u00a0Kathrin\u00a0G\u00d6TZ 3\u00a0&#8211;\u00a0Martina\u00a0KLANCNIK POTRC Marathon \u00a048km \/ 1900m + 1\u00a0&#8211;\u00a0Robert\u00a0PKEMOI MATAYANGO 2\u00a0&#8211;\u00a0Juho\u00a0YLINEN 3\u00a0&#8211;\u00a0Tiago\u00a0NOBRE VIEIRA 1\u00a0&#8211;\u00a0Jennifer\u00a0LICHTER 2\u00a0&#8211;\u00a0Greta\u00a0GARC\u00cdA MOR\u00c1N 3\u00a0&#8211;\u00a0Rosa Maria\u00a0LARA FELIU Starter \u00a021km \/ 1400m + 1\u00a0&#8211;\u00a0Antonio\u00a0MART\u00cdNEZ P\u00c9REZ 2\u00a0&#8211;\u00a0Yoel\u00a0DE PAZ BAEZA 3\u00a0&#8211;\u00a0Anartz\u00a0ARTOLA ARIN [&hellip;]\" \/>\n<meta property=\"og:url\" content=\"https:\/\/trailrunadvisor.com\/fr\/results-transgrancanaria-2024\/\" \/>\n<meta property=\"og:site_name\" content=\"Trail Run Advisor\" \/>\n<meta property=\"article:publisher\" content=\"https:\/\/www.facebook.com\/profile.php?id=61554747731790&amp;mibextid=9R9pXO\" \/>\n<meta property=\"article:published_time\" content=\"2024-02-25T20:38:14+00:00\" \/>\n<meta property=\"article:modified_time\" content=\"2025-06-18T14:17:23+00:00\" \/>\n<meta property=\"og:image\" content=\"https:\/\/trailrunadvisor.com\/wp-content\/uploads\/2023\/12\/default-post.png\" \/>\n\t<meta property=\"og:image:width\" content=\"610\" \/>\n\t<meta property=\"og:image:height\" content=\"416\" \/>\n\t<meta property=\"og:image:type\" content=\"image\/png\" \/>\n<meta name=\"author\" content=\"Lucian\" \/>\n<meta name=\"twitter:card\" content=\"summary_large_image\" \/>\n<meta name=\"twitter:label1\" content=\"\u00c9crit par\" \/>\n\t<meta name=\"twitter:data1\" content=\"Lucian\" \/>\n\t<meta name=\"twitter:label2\" content=\"Dur\u00e9e de lecture estim\u00e9e\" \/>\n\t<meta name=\"twitter:data2\" content=\"1 minute\" \/>\n<!-- \/ Yoast SEO plugin. -->","yoast_head_json":{"title":"Results TransGranCanaria 2024 - Trail Run Advisor","robots":{"index":"index","follow":"follow","max-snippet":"max-snippet:-1","max-image-preview":"max-image-preview:large","max-video-preview":"max-video-preview:-1"},"canonical":"https:\/\/trailrunadvisor.com\/fr\/results-transgrancanaria-2024\/","og_locale":"fr_FR","og_type":"article","og_title":"Results TransGranCanaria 2024 - Trail Run Advisor","og_description":"Classic 126km \/ 6800m + 1\u00a0&#8211;\u00a0Raul\u00a0BUTACI 2\u00a0&#8211;\u00a0Miguel \u00c1ngel\u00a0HERAS HERN\u00c1NDEZ 3\u00a0&#8211;\u00a0Ionel Cristian\u00a0MANOLE 1\u00a0&#8211;\u00a0Courtney\u00a0DAUWALTER 2\u00a0&#8211;\u00a0Claudia\u00a0TREMPS 3\u00a0&#8211;\u00a0Emma\u00a0STUART Advanced 84km \/ 4900m + 1\u00a0&#8211;\u00a0Andrzej\u00a0WITEK 2\u00a0&#8211;\u00a0Davide\u00a0CHERAZ 3\u00a0&#8211;\u00a0Borja\u00a0FERN\u00c1NDEZ FERN\u00c1NDEZ 1\u00a0&#8211;\u00a0Tara\u00a0FRAGA 2\u00a0&#8211;\u00a0Kathrin\u00a0G\u00d6TZ 3\u00a0&#8211;\u00a0Martina\u00a0KLANCNIK POTRC Marathon \u00a048km \/ 1900m + 1\u00a0&#8211;\u00a0Robert\u00a0PKEMOI MATAYANGO 2\u00a0&#8211;\u00a0Juho\u00a0YLINEN 3\u00a0&#8211;\u00a0Tiago\u00a0NOBRE VIEIRA 1\u00a0&#8211;\u00a0Jennifer\u00a0LICHTER 2\u00a0&#8211;\u00a0Greta\u00a0GARC\u00cdA MOR\u00c1N 3\u00a0&#8211;\u00a0Rosa Maria\u00a0LARA FELIU Starter \u00a021km \/ 1400m + 1\u00a0&#8211;\u00a0Antonio\u00a0MART\u00cdNEZ P\u00c9REZ 2\u00a0&#8211;\u00a0Yoel\u00a0DE PAZ BAEZA 3\u00a0&#8211;\u00a0Anartz\u00a0ARTOLA ARIN [&hellip;]","og_url":"https:\/\/trailrunadvisor.com\/fr\/results-transgrancanaria-2024\/","og_site_name":"Trail Run Advisor","article_publisher":"https:\/\/www.facebook.com\/profile.php?id=61554747731790&mibextid=9R9pXO","article_published_time":"2024-02-25T20:38:14+00:00","article_modified_time":"2025-06-18T14:17:23+00:00","og_image":[{"width":610,"height":416,"url":"https:\/\/trailrunadvisor.com\/wp-content\/uploads\/2023\/12\/default-post.png","type":"image\/png"}],"author":"Lucian","twitter_card":"summary_large_image","twitter_misc":{"\u00c9crit par":"Lucian","Dur\u00e9e de lecture estim\u00e9e":"1 minute"},"schema":{"@context":"https:\/\/schema.org","@graph":[{"@type":"Article","@id":"https:\/\/trailrunadvisor.com\/fr\/results-transgrancanaria-2024\/#article","isPartOf":{"@id":"https:\/\/trailrunadvisor.com\/fr\/results-transgrancanaria-2024\/"},"author":{"name":"Lucian","@id":"https:\/\/trailrunadvisor.com\/fr\/#\/schema\/person\/91a7a82943782a999397dc51612d3ccd"},"headline":"Results TransGranCanaria 2024","datePublished":"2024-02-25T20:38:14+00:00","dateModified":"2025-06-18T14:17:23+00:00","mainEntityOfPage":{"@id":"https:\/\/trailrunadvisor.com\/fr\/results-transgrancanaria-2024\/"},"wordCount":133,"publisher":{"@id":"https:\/\/trailrunadvisor.com\/fr\/#organization"},"image":{"@id":"https:\/\/trailrunadvisor.com\/fr\/results-transgrancanaria-2024\/#primaryimage"},"thumbnailUrl":"https:\/\/trailrunadvisor.com\/wp-content\/uploads\/2023\/12\/default-post.png","inLanguage":"fr-FR"},{"@type":"WebPage","@id":"https:\/\/trailrunadvisor.com\/fr\/results-transgrancanaria-2024\/","url":"https:\/\/trailrunadvisor.com\/fr\/results-transgrancanaria-2024\/","name":"Results TransGranCanaria 2024 - Trail Run Advisor","isPartOf":{"@id":"https:\/\/trailrunadvisor.com\/fr\/#website"},"primaryImageOfPage":{"@id":"https:\/\/trailrunadvisor.com\/fr\/results-transgrancanaria-2024\/#primaryimage"},"image":{"@id":"https:\/\/trailrunadvisor.com\/fr\/results-transgrancanaria-2024\/#primaryimage"},"thumbnailUrl":"https:\/\/trailrunadvisor.com\/wp-content\/uploads\/2023\/12\/default-post.png","datePublished":"2024-02-25T20:38:14+00:00","dateModified":"2025-06-18T14:17:23+00:00","breadcrumb":{"@id":"https:\/\/trailrunadvisor.com\/fr\/results-transgrancanaria-2024\/#breadcrumb"},"inLanguage":"fr-FR","potentialAction":[{"@type":"ReadAction","target":["https:\/\/trailrunadvisor.com\/fr\/results-transgrancanaria-2024\/"]}]},{"@type":"ImageObject","inLanguage":"fr-FR","@id":"https:\/\/trailrunadvisor.com\/fr\/results-transgrancanaria-2024\/#primaryimage","url":"https:\/\/trailrunadvisor.com\/wp-content\/uploads\/2023\/12\/default-post.png","contentUrl":"https:\/\/trailrunadvisor.com\/wp-content\/uploads\/2023\/12\/default-post.png","width":610,"height":416},{"@type":"BreadcrumbList","@id":"https:\/\/trailrunadvisor.com\/fr\/results-transgrancanaria-2024\/#breadcrumb","itemListElement":[{"@type":"ListItem","position":1,"name":"Home","item":"https:\/\/trailrunadvisor.com\/fr\/"},{"@type":"ListItem","position":2,"name":"Results TransGranCanaria 2024"}]},{"@type":"WebSite","@id":"https:\/\/trailrunadvisor.com\/fr\/#website","url":"https:\/\/trailrunadvisor.com\/fr\/","name":"Trail Run Advisor","description":"","publisher":{"@id":"https:\/\/trailrunadvisor.com\/fr\/#organization"},"potentialAction":[{"@type":"SearchAction","target":{"@type":"EntryPoint","urlTemplate":"https:\/\/trailrunadvisor.com\/fr\/?s={search_term_string}"},"query-input":{"@type":"PropertyValueSpecification","valueRequired":true,"valueName":"search_term_string"}}],"inLanguage":"fr-FR"},{"@type":"Organization","@id":"https:\/\/trailrunadvisor.com\/fr\/#organization","name":"Trail Run Advisor","url":"https:\/\/trailrunadvisor.com\/fr\/","logo":{"@type":"ImageObject","inLanguage":"fr-FR","@id":"https:\/\/trailrunadvisor.com\/fr\/#\/schema\/logo\/image\/","url":"https:\/\/trailrunadvisor.com\/wp-content\/uploads\/2023\/12\/logo-trailrunadvisor.png","contentUrl":"https:\/\/trailrunadvisor.com\/wp-content\/uploads\/2023\/12\/logo-trailrunadvisor.png","width":613,"height":80,"caption":"Trail Run Advisor"},"image":{"@id":"https:\/\/trailrunadvisor.com\/fr\/#\/schema\/logo\/image\/"},"sameAs":["https:\/\/www.facebook.com\/profile.php?id=61554747731790&mibextid=9R9pXO","https:\/\/www.instagram.com\/trailrunadvisor\/"]},{"@type":"Person","@id":"https:\/\/trailrunadvisor.com\/fr\/#\/schema\/person\/91a7a82943782a999397dc51612d3ccd","name":"Lucian","image":{"@type":"ImageObject","inLanguage":"fr-FR","@id":"https:\/\/trailrunadvisor.com\/fr\/#\/schema\/person\/image\/","url":"https:\/\/trailrunadvisor.com\/wp-content\/uploads\/2025\/06\/cropped-Lucian-96x96.jpg","contentUrl":"https:\/\/trailrunadvisor.com\/wp-content\/uploads\/2025\/06\/cropped-Lucian-96x96.jpg","caption":"Lucian"},"sameAs":["https:\/\/trailrunadvisor.com\/lucian\/","https:\/\/www.instagram.com\/trailrunadvisor\/"]}]}},"_links":{"self":[{"href":"https:\/\/trailrunadvisor.com\/fr\/wp-json\/wp\/v2\/posts\/6283","targetHints":{"allow":["GET"]}}],"collection":[{"href":"https:\/\/trailrunadvisor.com\/fr\/wp-json\/wp\/v2\/posts"}],"about":[{"href":"https:\/\/trailrunadvisor.com\/fr\/wp-json\/wp\/v2\/types\/post"}],"author":[{"embeddable":true,"href":"https:\/\/trailrunadvisor.com\/fr\/wp-json\/wp\/v2\/users\/6"}],"replies":[{"embeddable":true,"href":"https:\/\/trailrunadvisor.com\/fr\/wp-json\/wp\/v2\/comments?post=6283"}],"version-history":[{"count":4,"href":"https:\/\/trailrunadvisor.com\/fr\/wp-json\/wp\/v2\/posts\/6283\/revisions"}],"predecessor-version":[{"id":6288,"href":"https:\/\/trailrunadvisor.com\/fr\/wp-json\/wp\/v2\/posts\/6283\/revisions\/6288"}],"wp:featuredmedia":[{"embeddable":true,"href":"https:\/\/trailrunadvisor.com\/fr\/wp-json\/wp\/v2\/media\/5896"}],"wp:attachment":[{"href":"https:\/\/trailrunadvisor.com\/fr\/wp-json\/wp\/v2\/media?parent=6283"}],"wp:term":[{"taxonomy":"categories","embeddable":true,"href":"https:\/\/trailrunadvisor.com\/fr\/wp-json\/wp\/v2\/category?post=6283"},{"taxonomy":"tags","embeddable":true,"href":"https:\/\/trailrunadvisor.com\/fr\/wp-json\/wp\/v2\/tag?post=6283"}],"curies":[{"name":"wp","href":"https:\/\/api.w.org\/{rel}","templated":true}]}}